{"id":232543,"date":"2026-04-25T13:16:55","date_gmt":"2026-04-25T11:16:55","guid":{"rendered":"https:\/\/radiostargjilan.com\/web\/?p=232543"},"modified":"2026-04-25T13:16:55","modified_gmt":"2026-04-25T11:16:55","slug":"spitali-i-pergjithshem-i-gjilanit-pranon-donacion-nga-xhamia-ne-zyrih-te-zvicres-per-permiresimin-e-sherbimeve-shendetesore","status":"publish","type":"post","link":"https:\/\/radiostargjilan.com\/web\/spitali-i-pergjithshem-i-gjilanit-pranon-donacion-nga-xhamia-ne-zyrih-te-zvicres-per-permiresimin-e-sherbimeve-shendetesore\/","title":{"rendered":"Spitali i P\u00ebrgjithsh\u00ebm i Gjilanit pranon donacion nga Xhamia n\u00eb Zyrih t\u00eb Zvicr\u00ebs p\u00ebr p\u00ebrmir\u00ebsimin e sh\u00ebrbimeve sh\u00ebndet\u00ebsore"},"content":{"rendered":"<p>Donacion p\u00ebr Spitalin e P\u00ebrgjithsh\u00ebm Gjilan.<\/p>\n<p>Me k\u00ebnaq\u00ebsi ju njoftojm\u00eb se Spitali i P\u00ebrgjithsh\u00ebm Gjilan ka pranuar nj\u00eb donacion t\u00eb r\u00ebnd\u00ebsish\u00ebm p\u00ebr sh\u00ebrbimet tona, i cili do t\u00eb ndikoj\u00eb drejtp\u00ebrdrejt n\u00eb p\u00ebrmir\u00ebsimin e kujdesit ndaj pacient\u00ebve.<\/p>\n<p>Drejtori i Spitalit t\u00eb P\u00ebrgjithsh\u00ebm Gjilan Dr.Afrim Cana shprehu mir\u00ebnjohjen e thell\u00eb p\u00ebr donator\u00ebt: Xhamia \u201cSht\u00ebpia e Paqes\u201d dhe Shoqata \u201cParandalo\u201d me seli n\u00eb Zyrih (Zvic\u00ebr), p\u00ebr mb\u00ebshtetjen dhe kontributin e tyre n\u00eb avancimin e sh\u00ebrbimeve sh\u00ebndet\u00ebsore.<\/p>\n<p>Ky donacion do t\u00eb kontribuoj\u00eb n\u00eb rritjen e cil\u00ebsis\u00eb s\u00eb trajtimit, leht\u00ebsimin e pun\u00ebs s\u00eb stafit sh\u00ebndet\u00ebsor dhe ofrimin e kujdesit m\u00eb efikas dhe m\u00eb t\u00eb sigurt p\u00ebr pacient\u00ebt tan\u00eb.<\/p>\n<p>Bashk\u00ebpunime t\u00eb tilla jan\u00eb thelb\u00ebsore p\u00ebr zhvillimin dhe p\u00ebrmir\u00ebsimin e vazhduesh\u00ebm t\u00eb sh\u00ebrbimeve tona sh\u00ebndet\u00ebsore.<\/p>\n","protected":false},"excerpt":{"rendered":"<p>Donacion p\u00ebr Spitalin e P\u00ebrgjithsh\u00ebm Gjilan. Me k\u00ebnaq\u00ebsi ju njoftojm\u00eb se Spitali i P\u00ebrgjithsh\u00ebm Gjilan ka pranuar nj\u00eb donacion t\u00eb r\u00ebnd\u00ebsish\u00ebm p\u00ebr sh\u00ebrbimet tona, i cili do t\u00eb ndikoj\u00eb drejtp\u00ebrdrejt n\u00eb p\u00ebrmir\u00ebsimin e kujdesit ndaj pacient\u00ebve. Drejtori i Spitalit t\u00eb P\u00ebrgjithsh\u00ebm Gjilan Dr.Afrim Cana shprehu mir\u00ebnjohjen e thell\u00eb p\u00ebr donator\u00ebt: Xhamia \u201cSht\u00ebpia e Paqes\u201d dhe [&hellip;]<\/p>\n","protected":false},"author":1,"featured_media":232544,"comment_status":"closed","ping_status":"closed","sticky":false,"template":"","format":"standard","meta":{"footnotes":""},"categories":[5],"tags":[],"class_list":{"0":"post-232543","1":"post","2":"type-post","3":"status-publish","4":"format-standard","5":"has-post-thumbnail","7":"category-lajme"},"_links":{"self":[{"href":"https:\/\/radiostargjilan.com\/web\/wp-json\/wp\/v2\/posts\/232543","targetHints":{"allow":["GET"]}}],"collection":[{"href":"https:\/\/radiostargjilan.com\/web\/wp-json\/wp\/v2\/posts"}],"about":[{"href":"https:\/\/radiostargjilan.com\/web\/wp-json\/wp\/v2\/types\/post"}],"author":[{"embeddable":true,"href":"https:\/\/radiostargjilan.com\/web\/wp-json\/wp\/v2\/users\/1"}],"replies":[{"embeddable":true,"href":"https:\/\/radiostargjilan.com\/web\/wp-json\/wp\/v2\/comments?post=232543"}],"version-history":[{"count":1,"href":"https:\/\/radiostargjilan.com\/web\/wp-json\/wp\/v2\/posts\/232543\/revisions"}],"predecessor-version":[{"id":232545,"href":"https:\/\/radiostargjilan.com\/web\/wp-json\/wp\/v2\/posts\/232543\/revisions\/232545"}],"wp:featuredmedia":[{"embeddable":true,"href":"https:\/\/radiostargjilan.com\/web\/wp-json\/wp\/v2\/media\/232544"}],"wp:attachment":[{"href":"https:\/\/radiostargjilan.com\/web\/wp-json\/wp\/v2\/media?parent=232543"}],"wp:term":[{"taxonomy":"category","embeddable":true,"href":"https:\/\/radiostargjilan.com\/web\/wp-json\/wp\/v2\/categories?post=232543"},{"taxonomy":"post_tag","embeddable":true,"href":"https:\/\/radiostargjilan.com\/web\/wp-json\/wp\/v2\/tags?post=232543"}],"curies":[{"name":"wp","href":"https:\/\/api.w.org\/{rel}","templated":true}]}}