{"id":232546,"date":"2026-04-25T13:19:25","date_gmt":"2026-04-25T11:19:25","guid":{"rendered":"https:\/\/radiostargjilan.com\/web\/?p=232546"},"modified":"2026-04-25T13:19:25","modified_gmt":"2026-04-25T11:19:25","slug":"haradinaj-propozimi-i-kurtit-per-president-eshte-loje-per-ta-cuar-vendin-ne-zgjedhje","status":"publish","type":"post","link":"https:\/\/radiostargjilan.com\/web\/haradinaj-propozimi-i-kurtit-per-president-eshte-loje-per-ta-cuar-vendin-ne-zgjedhje\/","title":{"rendered":"Haradinaj: Propozimi i Kurtit p\u00ebr president \u00ebsht\u00eb loj\u00eb p\u00ebr ta \u00e7uar vendin n\u00eb zgjedhje"},"content":{"rendered":"<p>Kryetari i Aleanc\u00ebs p\u00ebr Ardhm\u00ebrin\u00eb e Kosov\u00ebs, Ramush Haradinaj, ka kund\u00ebrshtuar propozimin e kryeministrit Albin Kurti q\u00eb opozita t\u00eb propozoj\u00eb kandidat p\u00ebr president, duke e cil\u00ebsuar at\u00eb si jo serioz dhe pjes\u00eb t\u00eb nj\u00eb strategjie p\u00ebr ta \u00e7uar vendin n\u00eb zgjedhje.<\/p>\n<p>Haradinaj tha se ofertat e tilla nuk jan\u00eb t\u00eb besueshme dhe nuk zbatohen n\u00eb praktik\u00eb.<\/p>\n<p>\u201c\u00ebsht\u00eb nj\u00eb loj\u00eb realisht. \u00cbsht\u00eb nj\u00eb loj\u00eb me qytetar\u00ebt, me shtetin e nuk jan\u00eb, k\u00ebt\u00eb oferta kredibile, sa askush nuk e beson, se k\u00ebto q\u00eb i thot\u00eb ai s\u2019zbatohen. Ai po i thot\u00eb vet\u00ebm p\u00ebr nj\u00eb lloj alibie, me i mbulu fajin e tij, p\u00ebr faktin q\u00eb po d\u00ebrgon vendin n\u00eb zgjedhje\u201d, tha ai.<\/p>\n<p>Ai theksoi se situata aktuale po zhvillohet n\u00eb prag t\u00eb p\u00ebrfundimit t\u00eb afatit kushtetues p\u00ebr zgjedhjen e presidentit, duke e cil\u00ebsuar qasjen e Kurtit si ultimatum dhe jo serioze.<\/p>\n<p>\u201cUn\u00eb thash\u00eb se, jemi dy dit\u00eb para fundit t\u00eb afatit kushtetues. Edhe kjo \u00ebsht\u00eb nj\u00eb lloj ultimatumi tani i tij. E pjes\u00eb e strategjis\u00eb s\u00eb tij, mos me e zgjedh\u00eb presidentin, me e d\u00ebrgu vendin n\u00eb zgjedhje. E nj\u00eb kryeminist\u00ebr q\u00eb ja asht\u00eb partia e shumic\u00ebs si i thot\u00eb ai, k\u00ebt\u00eb ide do ta kishte dh\u00ebn\u00eb dit\u00ebn e par\u00eb. Pra nuk kishte shku nuk ishte zgjat\u00eb duke nxjerr\u00eb xhevahire. Si po sillet k\u00ebshtu nuk \u00ebsht\u00eb n\u00eb rregull, nuk \u00ebsht\u00eb aspak serioz, e s\u2019ka kush e merr seriozisht at\u00eb \u00e7ka flet ai. Sa na p\u00ebrket neve Aleanc\u00ebs, ne e kemi ndjer\u00eb, edhe nuk e kemi pa t\u00eb mundshme me u b\u00eb pjes\u00eb e k\u00ebsaj loje. Pra me u tall me institucionet e vendit, me gj\u00ebra, me negociata e diskutime q\u00eb nuk jan\u00eb t\u00eb v\u00ebrteta, pra q\u00eb jan\u00eb false. Edhe q\u00eb jan\u00eb mashtrim. Edhe e kemi dit\u00eb her\u00ebt, qysh e thash\u00eb kjo loj\u00eb, e kemi paralajm\u00ebruar q\u00eb po shkon n\u00eb zgjedhje.<\/p>\n<p>Haradinaj b\u00ebri t\u00eb qart\u00eb se nuk do t\u00eb jet\u00eb kandidat p\u00ebr president.<\/p>\n<p>\u201cJo, nuk jam kandidat\u201d, tha ai.<\/p>\n","protected":false},"excerpt":{"rendered":"<p>Kryetari i Aleanc\u00ebs p\u00ebr Ardhm\u00ebrin\u00eb e Kosov\u00ebs, Ramush Haradinaj, ka kund\u00ebrshtuar propozimin e kryeministrit Albin Kurti q\u00eb opozita t\u00eb propozoj\u00eb kandidat p\u00ebr president, duke e cil\u00ebsuar at\u00eb si jo serioz dhe pjes\u00eb t\u00eb nj\u00eb strategjie p\u00ebr ta \u00e7uar vendin n\u00eb zgjedhje. Haradinaj tha se ofertat e tilla nuk jan\u00eb t\u00eb besueshme dhe nuk zbatohen n\u00eb [&hellip;]<\/p>\n","protected":false},"author":1,"featured_media":232547,"comment_status":"closed","ping_status":"closed","sticky":false,"template":"","format":"standard","meta":{"footnotes":""},"categories":[5],"tags":[],"class_list":{"0":"post-232546","1":"post","2":"type-post","3":"status-publish","4":"format-standard","5":"has-post-thumbnail","7":"category-lajme"},"_links":{"self":[{"href":"https:\/\/radiostargjilan.com\/web\/wp-json\/wp\/v2\/posts\/232546","targetHints":{"allow":["GET"]}}],"collection":[{"href":"https:\/\/radiostargjilan.com\/web\/wp-json\/wp\/v2\/posts"}],"about":[{"href":"https:\/\/radiostargjilan.com\/web\/wp-json\/wp\/v2\/types\/post"}],"author":[{"embeddable":true,"href":"https:\/\/radiostargjilan.com\/web\/wp-json\/wp\/v2\/users\/1"}],"replies":[{"embeddable":true,"href":"https:\/\/radiostargjilan.com\/web\/wp-json\/wp\/v2\/comments?post=232546"}],"version-history":[{"count":1,"href":"https:\/\/radiostargjilan.com\/web\/wp-json\/wp\/v2\/posts\/232546\/revisions"}],"predecessor-version":[{"id":232548,"href":"https:\/\/radiostargjilan.com\/web\/wp-json\/wp\/v2\/posts\/232546\/revisions\/232548"}],"wp:featuredmedia":[{"embeddable":true,"href":"https:\/\/radiostargjilan.com\/web\/wp-json\/wp\/v2\/media\/232547"}],"wp:attachment":[{"href":"https:\/\/radiostargjilan.com\/web\/wp-json\/wp\/v2\/media?parent=232546"}],"wp:term":[{"taxonomy":"category","embeddable":true,"href":"https:\/\/radiostargjilan.com\/web\/wp-json\/wp\/v2\/categories?post=232546"},{"taxonomy":"post_tag","embeddable":true,"href":"https:\/\/radiostargjilan.com\/web\/wp-json\/wp\/v2\/tags?post=232546"}],"curies":[{"name":"wp","href":"https:\/\/api.w.org\/{rel}","templated":true}]}}