{"id":232549,"date":"2026-04-25T15:16:25","date_gmt":"2026-04-25T13:16:25","guid":{"rendered":"https:\/\/radiostargjilan.com\/web\/?p=232549"},"modified":"2026-04-25T15:16:25","modified_gmt":"2026-04-25T13:16:25","slug":"abdixhiku-ne-emrin-e-propozuar-mund-te-jete-edhe-vjosa-osmani","status":"publish","type":"post","link":"https:\/\/radiostargjilan.com\/web\/abdixhiku-ne-emrin-e-propozuar-mund-te-jete-edhe-vjosa-osmani\/","title":{"rendered":"Abdixhiku: N\u00eb emrin e propozuar mund t\u00eb jet\u00eb edhe Vjosa Osmani"},"content":{"rendered":"<p>Kryetari i Lidhjes Demokratike t\u00eb Kosov\u00ebs, Lumir Abdixhiku, n\u00eb konferenc\u00eb p\u00ebr media pas seanc\u00ebs s\u00eb jasht\u00ebzakonshme t\u00eb Kuvendit t\u00eb Kosov\u00ebs, tha se Vjosa Osmani mund t\u00eb jet\u00eb em\u00ebr i propozuar p\u00ebr kandidat p\u00ebr president.<\/p>\n<p>\u201cE dyta, me sa kuptuam, Kurti po i k\u00ebrkon 90 vota, pra jo vet\u00ebm LDK-n\u00eb, por 90 vota si tip i par\u00eb, q\u00eb i bie q\u00eb ai k\u00ebrkon bashk\u00ebpunim edhe me PDK-n\u00eb. Vitin e kaluar kur kisha propozuar qeverin\u00eb e unitetit, ju kujtohet se si m\u00eb thonin \u2018se pa PDK-n\u00eb s\u2019po mundesh\u2019. Duket se k\u00ebt\u00eb her\u00eb ai s\u2019po mundet pa PDK-n\u00eb.<\/p>\n<p>N\u00ebse ka dashur vet\u00ebm me LDK-n\u00eb, ne kemi qen\u00eb n\u00eb diskutime, kemi pasur diskutime t\u00eb gjata p\u00ebr marr\u00ebveshje politike midis dy subjekteve tona. N\u00eb qoft\u00eb se do vet\u00ebm me PDK-n\u00eb, le t\u2019i lidhin ata, le t\u2019i b\u00ebjn\u00eb ato 75 vota; n\u00eb qoft\u00eb se mbetet te 15 votat e LDK-s\u00eb, ulemi dhe flasim.<\/p>\n<p>Por, n\u00eb qoft\u00eb se ka dashur marr\u00ebveshje politike me LDK-n\u00eb dhe do marr\u00ebveshje politike me LDK-n\u00eb, at\u00ebher\u00eb LDK mund t\u00eb propozoj\u00eb emra. Ne s\u2019kemi nevoj\u00eb t\u00eb propozojm\u00eb tre, propozojm\u00eb nj\u00eb. Mund t\u00eb jet\u00eb edhe Vjosa Osmani, por le t\u00eb na tregoj\u00eb ai 66 votat p\u00ebr k\u00ebt\u00eb em\u00ebr. Mund t\u00eb jet\u00eb, por nj\u00ebher\u00eb duhet t\u00eb vendoset ajo marr\u00ebveshje politike mes nesh. Apo do 90 vota? 90 vota menj\u00ebher\u00eb nuk i ka. Meq\u00eb nuk i ka 90 vota menj\u00ebher\u00eb, at\u00ebher\u00eb kjo po m\u00eb duket manov\u00ebr politike, por le t\u00eb merret kjo me PDK-n\u00eb, le ta tregojn\u00eb, e m\u00eb pas ne p\u00ebrgjigjemi bashk\u00eb me 15 votat tona. Propozimi im ka qen\u00eb gjithmon\u00eb marr\u00ebveshja politike, por marr\u00ebveshje politike ku ta kemi presidentin n\u00eb vendosje. Pra jo tre emra, por e japim nj\u00eb\u201d, tha Abdixhiku.<\/p>\n<p>Se a pritet t\u00eb zhvillohet ndonj\u00eb takim nd\u00ebrmjet kryeministrit Albin Kurti me Abdixhikun, ky i fundit tha se do t\u00eb pranonte mir\u00ebpo s\u00ebrish konsiderohet \u00e7\u00ebshtje e mbyllur.<\/p>\n<p>\u201cMundemi me th\u00ebn\u00eb q\u00eb n\u00eb qoft\u00eb se duhet t\u00eb pritet n\u00eb momentin e fundit me provu, mos me than\u00eb q\u00eb \u201cshikoni se po dojn\u00eb me b\u00eb bllokada\u201d\u2026 pra me b\u00eb loj\u00eb politike, fajesuese, se tani jemi n\u00eb fushat\u00eb, t\u00eb rregullt, n\u00eb fushat\u00eb gjith\u00e7ka b\u00ebhet. Por p\u00ebr mu \u00ebsht\u00eb e mbyllur sepse s\u2019keni pas\u00eb marr\u00ebveshje. Kan\u00eb insistu q\u00eb kandidati t\u00eb jet\u00eb i Vet\u00ebvendosjes. Tani po flet p\u00ebr persona publik\u00eb, jo p\u00ebr marr\u00ebveshje klasike politike\u201d, tha ai.<\/p>\n","protected":false},"excerpt":{"rendered":"<p>Kryetari i Lidhjes Demokratike t\u00eb Kosov\u00ebs, Lumir Abdixhiku, n\u00eb konferenc\u00eb p\u00ebr media pas seanc\u00ebs s\u00eb jasht\u00ebzakonshme t\u00eb Kuvendit t\u00eb Kosov\u00ebs, tha se Vjosa Osmani mund t\u00eb jet\u00eb em\u00ebr i propozuar p\u00ebr kandidat p\u00ebr president. \u201cE dyta, me sa kuptuam, Kurti po i k\u00ebrkon 90 vota, pra jo vet\u00ebm LDK-n\u00eb, por 90 vota si tip i [&hellip;]<\/p>\n","protected":false},"author":1,"featured_media":232181,"comment_status":"closed","ping_status":"closed","sticky":false,"template":"","format":"standard","meta":{"footnotes":""},"categories":[5],"tags":[],"class_list":{"0":"post-232549","1":"post","2":"type-post","3":"status-publish","4":"format-standard","5":"has-post-thumbnail","7":"category-lajme"},"_links":{"self":[{"href":"https:\/\/radiostargjilan.com\/web\/wp-json\/wp\/v2\/posts\/232549","targetHints":{"allow":["GET"]}}],"collection":[{"href":"https:\/\/radiostargjilan.com\/web\/wp-json\/wp\/v2\/posts"}],"about":[{"href":"https:\/\/radiostargjilan.com\/web\/wp-json\/wp\/v2\/types\/post"}],"author":[{"embeddable":true,"href":"https:\/\/radiostargjilan.com\/web\/wp-json\/wp\/v2\/users\/1"}],"replies":[{"embeddable":true,"href":"https:\/\/radiostargjilan.com\/web\/wp-json\/wp\/v2\/comments?post=232549"}],"version-history":[{"count":1,"href":"https:\/\/radiostargjilan.com\/web\/wp-json\/wp\/v2\/posts\/232549\/revisions"}],"predecessor-version":[{"id":232550,"href":"https:\/\/radiostargjilan.com\/web\/wp-json\/wp\/v2\/posts\/232549\/revisions\/232550"}],"wp:featuredmedia":[{"embeddable":true,"href":"https:\/\/radiostargjilan.com\/web\/wp-json\/wp\/v2\/media\/232181"}],"wp:attachment":[{"href":"https:\/\/radiostargjilan.com\/web\/wp-json\/wp\/v2\/media?parent=232549"}],"wp:term":[{"taxonomy":"category","embeddable":true,"href":"https:\/\/radiostargjilan.com\/web\/wp-json\/wp\/v2\/categories?post=232549"},{"taxonomy":"post_tag","embeddable":true,"href":"https:\/\/radiostargjilan.com\/web\/wp-json\/wp\/v2\/tags?post=232549"}],"curies":[{"name":"wp","href":"https:\/\/api.w.org\/{rel}","templated":true}]}}