{"id":232606,"date":"2026-04-26T10:29:36","date_gmt":"2026-04-26T08:29:36","guid":{"rendered":"https:\/\/radiostargjilan.com\/web\/?p=232606"},"modified":"2026-04-26T10:29:36","modified_gmt":"2026-04-26T08:29:36","slug":"fsk-dergon-ekip-ne-gaza-per-pergatitjen-e-misionit-paqeruajtes","status":"publish","type":"post","link":"https:\/\/radiostargjilan.com\/web\/fsk-dergon-ekip-ne-gaza-per-pergatitjen-e-misionit-paqeruajtes\/","title":{"rendered":"FSK d\u00ebrgon ekip n\u00eb Gaza p\u00ebr p\u00ebrgatitjen e misionit paqeruajt\u00ebs"},"content":{"rendered":"<p>Forca e Siguris\u00eb s\u00eb Kosov\u00ebs  ka d\u00ebrguar nj\u00eb ekip n\u00eb Gaza p\u00ebr t\u00eb realizuar rikonicionin e zon\u00ebs ku pritet t\u00eb operoj\u00eb kontingjenti i saj n\u00eb kuad\u00ebr t\u00eb misionit paqeruajt\u00ebs t\u00eb Forcave Stabilizuese Nd\u00ebrkomb\u00ebtare (ISF) n\u00eb Gaza.<\/p>\n<p>Lajmi \u00ebsht\u00eb b\u00ebr\u00eb i ditur nga komandanti i FSK-s\u00eb, Gjenerallejt\u00ebnant Bashkim Jashari, i cili ka theksuar se q\u00ebllimi i k\u00ebsaj vizite \u00ebsht\u00eb vler\u00ebsimi paraprak i terrenit dhe koordinimi i aktiviteteve p\u00ebr dislokimin e trupave.<\/p>\n<p>Gjat\u00eb q\u00ebndrimit n\u00eb Gaza, ekipi i FSK-s\u00eb ka zhvilluar takime dhe diskutime me autoritetet p\u00ebrgjegj\u00ebse p\u00ebr administrimin e zon\u00ebs, si dhe me p\u00ebrfaq\u00ebsues t\u00eb strukturave nd\u00ebrkomb\u00ebtare, p\u00ebrfshir\u00eb Qendr\u00ebn Koordinuese Civilo-Ushtarake (CMCC). Kjo qend\u00ebr operon n\u00ebn mbik\u00ebqyrjen e Bordit t\u00eb Paqes, n\u00eb p\u00ebrputhje me Rezolut\u00ebn 2803 t\u00eb OKB-s\u00eb.<\/p>\n<p>Sipas njoftimit, n\u00eb k\u00ebto takime \u00ebsht\u00eb diskutuar p\u00ebr procesin e integrimit t\u00eb kontingjentit t\u00eb FSK-s\u00eb, zhvillimin e operacioneve t\u00eb p\u00ebrbashk\u00ebta dhe koordinimin e mb\u00ebshtetjes logjistike p\u00ebr misionin n\u00eb terren.<\/p>\n<p>FSK ka ritheksuar p\u00ebrkushtimin e saj p\u00ebr t\u00eb kontribuar n\u00eb paqen dhe stabilitetin global, n\u00eb bashk\u00ebpunim me aleat\u00ebt nd\u00ebrkomb\u00ebtar\u00eb, ve\u00e7an\u00ebrisht me Shtetet e Bashkuara t\u00eb Amerik\u00ebs. P\u00ebrmes k\u00ebtij angazhimi, synohet forcimi i partneriteteve strategjike dhe promovimi i siguris\u00eb kolektive n\u00eb p\u00ebrputhje me standardet nd\u00ebrkomb\u00ebtare t\u00eb ruajtjes s\u00eb paqes.<\/p>\n","protected":false},"excerpt":{"rendered":"<p>Forca e Siguris\u00eb s\u00eb Kosov\u00ebs ka d\u00ebrguar nj\u00eb ekip n\u00eb Gaza p\u00ebr t\u00eb realizuar rikonicionin e zon\u00ebs ku pritet t\u00eb operoj\u00eb kontingjenti i saj n\u00eb kuad\u00ebr t\u00eb misionit paqeruajt\u00ebs t\u00eb Forcave Stabilizuese Nd\u00ebrkomb\u00ebtare (ISF) n\u00eb Gaza. Lajmi \u00ebsht\u00eb b\u00ebr\u00eb i ditur nga komandanti i FSK-s\u00eb, Gjenerallejt\u00ebnant Bashkim Jashari, i cili ka theksuar se q\u00ebllimi i [&hellip;]<\/p>\n","protected":false},"author":1,"featured_media":232607,"comment_status":"closed","ping_status":"closed","sticky":false,"template":"","format":"standard","meta":{"footnotes":""},"categories":[5],"tags":[],"class_list":{"0":"post-232606","1":"post","2":"type-post","3":"status-publish","4":"format-standard","5":"has-post-thumbnail","7":"category-lajme"},"_links":{"self":[{"href":"https:\/\/radiostargjilan.com\/web\/wp-json\/wp\/v2\/posts\/232606","targetHints":{"allow":["GET"]}}],"collection":[{"href":"https:\/\/radiostargjilan.com\/web\/wp-json\/wp\/v2\/posts"}],"about":[{"href":"https:\/\/radiostargjilan.com\/web\/wp-json\/wp\/v2\/types\/post"}],"author":[{"embeddable":true,"href":"https:\/\/radiostargjilan.com\/web\/wp-json\/wp\/v2\/users\/1"}],"replies":[{"embeddable":true,"href":"https:\/\/radiostargjilan.com\/web\/wp-json\/wp\/v2\/comments?post=232606"}],"version-history":[{"count":1,"href":"https:\/\/radiostargjilan.com\/web\/wp-json\/wp\/v2\/posts\/232606\/revisions"}],"predecessor-version":[{"id":232608,"href":"https:\/\/radiostargjilan.com\/web\/wp-json\/wp\/v2\/posts\/232606\/revisions\/232608"}],"wp:featuredmedia":[{"embeddable":true,"href":"https:\/\/radiostargjilan.com\/web\/wp-json\/wp\/v2\/media\/232607"}],"wp:attachment":[{"href":"https:\/\/radiostargjilan.com\/web\/wp-json\/wp\/v2\/media?parent=232606"}],"wp:term":[{"taxonomy":"category","embeddable":true,"href":"https:\/\/radiostargjilan.com\/web\/wp-json\/wp\/v2\/categories?post=232606"},{"taxonomy":"post_tag","embeddable":true,"href":"https:\/\/radiostargjilan.com\/web\/wp-json\/wp\/v2\/tags?post=232606"}],"curies":[{"name":"wp","href":"https:\/\/api.w.org\/{rel}","templated":true}]}}