{"id":232624,"date":"2026-04-26T18:52:23","date_gmt":"2026-04-26T16:52:23","guid":{"rendered":"https:\/\/radiostargjilan.com\/web\/?p=232624"},"modified":"2026-04-26T18:52:23","modified_gmt":"2026-04-26T16:52:23","slug":"haradinaj-pas-te-shtenave-ne-washington-edhe-nje-sulmues-u-mposht-ashtu-sic-do-te-mposhten-cdo-here","status":"publish","type":"post","link":"https:\/\/radiostargjilan.com\/web\/haradinaj-pas-te-shtenave-ne-washington-edhe-nje-sulmues-u-mposht-ashtu-sic-do-te-mposhten-cdo-here\/","title":{"rendered":"Haradinaj pas t\u00eb sht\u00ebnave n\u00eb Washington: Edhe nj\u00eb sulmues u mposht, ashtu si\u00e7 do t\u00eb mposhten \u00e7do her\u00eb"},"content":{"rendered":"<p>Ish-kryeministri i vendit, Ramush Haradinaj, ka reaguar lidhur me t\u00eb sht\u00ebnat e regjistruara gjat\u00eb dark\u00ebs s\u00eb Shoqat\u00ebs s\u00eb Korrespondent\u00ebve t\u00eb Sht\u00ebpis\u00eb s\u00eb Bardh\u00eb, duke th\u00ebn\u00eb se \u201creagimi i institucioneve t\u00eb siguris\u00eb t\u00eb Amerik\u00ebs, na b\u00ebri krenar\u00eb\u201d.<\/p>\n<p>Haradinaj ka shkruar se Kosova q\u00ebndron p\u00ebrher\u00eb krah institucioneve t\u00eb siguris\u00eb s\u00eb Amerik\u00ebs dhe popullit amerikan.<\/p>\n<p>Postimi i plot\u00eb:<\/p>\n<p>Reagimi i institucioneve t\u00eb siguris\u00eb t\u00eb Amerik\u00ebs, na b\u00ebri krenar\u00eb dje. Edhe nj\u00eb sulmues u mposht, ashtu si\u00e7 do t\u00eb mposhten \u00e7do her\u00eb.<\/p>\n<p>Kosova q\u00ebndron p\u00ebrher\u00eb krah institucioneve t\u00eb siguris\u00eb s\u00eb Amerik\u00ebs dhe popullit amerikan.<\/p>\n","protected":false},"excerpt":{"rendered":"<p>Ish-kryeministri i vendit, Ramush Haradinaj, ka reaguar lidhur me t\u00eb sht\u00ebnat e regjistruara gjat\u00eb dark\u00ebs s\u00eb Shoqat\u00ebs s\u00eb Korrespondent\u00ebve t\u00eb Sht\u00ebpis\u00eb s\u00eb Bardh\u00eb, duke th\u00ebn\u00eb se \u201creagimi i institucioneve t\u00eb siguris\u00eb t\u00eb Amerik\u00ebs, na b\u00ebri krenar\u00eb\u201d. Haradinaj ka shkruar se Kosova q\u00ebndron p\u00ebrher\u00eb krah institucioneve t\u00eb siguris\u00eb s\u00eb Amerik\u00ebs dhe popullit amerikan. Postimi i plot\u00eb: [&hellip;]<\/p>\n","protected":false},"author":1,"featured_media":232626,"comment_status":"closed","ping_status":"closed","sticky":false,"template":"","format":"standard","meta":{"footnotes":""},"categories":[5],"tags":[],"class_list":{"0":"post-232624","1":"post","2":"type-post","3":"status-publish","4":"format-standard","5":"has-post-thumbnail","7":"category-lajme"},"_links":{"self":[{"href":"https:\/\/radiostargjilan.com\/web\/wp-json\/wp\/v2\/posts\/232624","targetHints":{"allow":["GET"]}}],"collection":[{"href":"https:\/\/radiostargjilan.com\/web\/wp-json\/wp\/v2\/posts"}],"about":[{"href":"https:\/\/radiostargjilan.com\/web\/wp-json\/wp\/v2\/types\/post"}],"author":[{"embeddable":true,"href":"https:\/\/radiostargjilan.com\/web\/wp-json\/wp\/v2\/users\/1"}],"replies":[{"embeddable":true,"href":"https:\/\/radiostargjilan.com\/web\/wp-json\/wp\/v2\/comments?post=232624"}],"version-history":[{"count":1,"href":"https:\/\/radiostargjilan.com\/web\/wp-json\/wp\/v2\/posts\/232624\/revisions"}],"predecessor-version":[{"id":232627,"href":"https:\/\/radiostargjilan.com\/web\/wp-json\/wp\/v2\/posts\/232624\/revisions\/232627"}],"wp:featuredmedia":[{"embeddable":true,"href":"https:\/\/radiostargjilan.com\/web\/wp-json\/wp\/v2\/media\/232626"}],"wp:attachment":[{"href":"https:\/\/radiostargjilan.com\/web\/wp-json\/wp\/v2\/media?parent=232624"}],"wp:term":[{"taxonomy":"category","embeddable":true,"href":"https:\/\/radiostargjilan.com\/web\/wp-json\/wp\/v2\/categories?post=232624"},{"taxonomy":"post_tag","embeddable":true,"href":"https:\/\/radiostargjilan.com\/web\/wp-json\/wp\/v2\/tags?post=232624"}],"curies":[{"name":"wp","href":"https:\/\/api.w.org\/{rel}","templated":true}]}}