{"id":232628,"date":"2026-04-26T19:47:23","date_gmt":"2026-04-26T17:47:23","guid":{"rendered":"https:\/\/radiostargjilan.com\/web\/?p=232628"},"modified":"2026-04-26T19:47:23","modified_gmt":"2026-04-26T17:47:23","slug":"sulmi-ne-darken-e-shtepise-se-bardhe-hamza-zero-tolerance-per-sulmet-ndaj-institucioneve-demokratike","status":"publish","type":"post","link":"https:\/\/radiostargjilan.com\/web\/sulmi-ne-darken-e-shtepise-se-bardhe-hamza-zero-tolerance-per-sulmet-ndaj-institucioneve-demokratike\/","title":{"rendered":"Sulmi n\u00eb dark\u00ebn e Sht\u00ebpis\u00eb s\u00eb Bardh\u00eb, Hamza: Zero toleranc\u00eb p\u00ebr sulmet ndaj institucioneve demokratike"},"content":{"rendered":"<p>Kryetari i PDK-s\u00eb, Bedri Hamza, ka reaguar pas t\u00eb sht\u00ebnave me arm\u00eb gjat\u00eb Dark\u00ebs s\u00eb Korrespondent\u00ebve t\u00eb Sht\u00ebpis\u00eb s\u00eb Bardh\u00eb n\u00eb Washington, ku t\u00eb pranish\u00ebm ishin presidenti amerikan Donald Trump dhe Zonja e Par\u00eb, Melania Trump.<\/p>\n<p>P\u00ebrmes nj\u00eb postimi n\u00eb platform\u00ebn X, Hamza ka shprehur shqet\u00ebsimin p\u00ebr ngjarjen, duke theksuar se nuk duhet t\u00eb ket\u00eb asnj\u00eb toleranc\u00eb ndaj akteve t\u00eb dhunshme q\u00eb synojn\u00eb institucionet demokratike apo shtypin e lir\u00eb.<\/p>\n<p>Hamza ka b\u00ebr\u00eb thirrje p\u00ebr q\u00ebndrim t\u00eb vendosur kund\u00ebr dhun\u00ebs, duke e cil\u00ebsuar mbrojtjen e institucioneve dhe mediave si thelb\u00ebsore p\u00ebr funksionimin e demokracis\u00eb.<\/p>\n<p>\u201cJemi t\u00eb shqet\u00ebsuar nga ngjarjen n\u00eb Dark\u00ebn e Korrespondent\u00ebve t\u00eb Sht\u00ebpis\u00eb s\u00eb Bardh\u00eb. Nuk duhet t\u00eb ket\u00eb aspak toleranc\u00eb p\u00ebr sulme t\u00eb dhunshme ndaj institucioneve demokratike apo shtypit t\u00eb lir\u00eb. T\u00eb pakt\u00ebn, \u00ebsht\u00eb qet\u00ebsuese q\u00eb Presidenti, Zonja e Par\u00eb dhe t\u00eb gjith\u00eb t\u00eb pranishmit jan\u00eb t\u00eb pad\u00ebmtuar\u201d, ka shkruar Hamza.<\/p>\n","protected":false},"excerpt":{"rendered":"<p>Kryetari i PDK-s\u00eb, Bedri Hamza, ka reaguar pas t\u00eb sht\u00ebnave me arm\u00eb gjat\u00eb Dark\u00ebs s\u00eb Korrespondent\u00ebve t\u00eb Sht\u00ebpis\u00eb s\u00eb Bardh\u00eb n\u00eb Washington, ku t\u00eb pranish\u00ebm ishin presidenti amerikan Donald Trump dhe Zonja e Par\u00eb, Melania Trump. P\u00ebrmes nj\u00eb postimi n\u00eb platform\u00ebn X, Hamza ka shprehur shqet\u00ebsimin p\u00ebr ngjarjen, duke theksuar se nuk duhet t\u00eb ket\u00eb [&hellip;]<\/p>\n","protected":false},"author":1,"featured_media":232629,"comment_status":"closed","ping_status":"closed","sticky":false,"template":"","format":"standard","meta":{"footnotes":""},"categories":[5],"tags":[],"class_list":{"0":"post-232628","1":"post","2":"type-post","3":"status-publish","4":"format-standard","5":"has-post-thumbnail","7":"category-lajme"},"_links":{"self":[{"href":"https:\/\/radiostargjilan.com\/web\/wp-json\/wp\/v2\/posts\/232628","targetHints":{"allow":["GET"]}}],"collection":[{"href":"https:\/\/radiostargjilan.com\/web\/wp-json\/wp\/v2\/posts"}],"about":[{"href":"https:\/\/radiostargjilan.com\/web\/wp-json\/wp\/v2\/types\/post"}],"author":[{"embeddable":true,"href":"https:\/\/radiostargjilan.com\/web\/wp-json\/wp\/v2\/users\/1"}],"replies":[{"embeddable":true,"href":"https:\/\/radiostargjilan.com\/web\/wp-json\/wp\/v2\/comments?post=232628"}],"version-history":[{"count":1,"href":"https:\/\/radiostargjilan.com\/web\/wp-json\/wp\/v2\/posts\/232628\/revisions"}],"predecessor-version":[{"id":232630,"href":"https:\/\/radiostargjilan.com\/web\/wp-json\/wp\/v2\/posts\/232628\/revisions\/232630"}],"wp:featuredmedia":[{"embeddable":true,"href":"https:\/\/radiostargjilan.com\/web\/wp-json\/wp\/v2\/media\/232629"}],"wp:attachment":[{"href":"https:\/\/radiostargjilan.com\/web\/wp-json\/wp\/v2\/media?parent=232628"}],"wp:term":[{"taxonomy":"category","embeddable":true,"href":"https:\/\/radiostargjilan.com\/web\/wp-json\/wp\/v2\/categories?post=232628"},{"taxonomy":"post_tag","embeddable":true,"href":"https:\/\/radiostargjilan.com\/web\/wp-json\/wp\/v2\/tags?post=232628"}],"curies":[{"name":"wp","href":"https:\/\/api.w.org\/{rel}","templated":true}]}}