{"id":232631,"date":"2026-04-26T21:17:58","date_gmt":"2026-04-26T19:17:58","guid":{"rendered":"https:\/\/radiostargjilan.com\/web\/?p=232631"},"modified":"2026-04-26T21:17:58","modified_gmt":"2026-04-26T19:17:58","slug":"kqz-ja-eshte-gati-per-zgjedhje","status":"publish","type":"post","link":"https:\/\/radiostargjilan.com\/web\/kqz-ja-eshte-gati-per-zgjedhje\/","title":{"rendered":"KQZ-ja \u00ebsht\u00eb gati p\u00ebr zgjedhje"},"content":{"rendered":"<p>Dy dit\u00eb para se Kuvendi t\u00eb shp\u00ebrndahet n\u00eb rast se nuk zgjidhet presidenti, n\u00eb Komisionin Qendror t\u00eb Zgjedhjeve kan\u00eb th\u00ebn\u00eb se jan\u00eb gati p\u00ebr organizimin e zgjedhjeve t\u00eb reja, t\u00eb cilat, sipas afatit kushtetues do t\u00eb duhej t\u00eb mbaheshin m\u00eb s\u00eb voni m\u00eb 7 qershor.<\/p>\n<p>Z\u00ebdh\u00ebn\u00ebsi i KQZ-s\u00eb, Valmir Elezi, ka th\u00ebn\u00eb se meq\u00eb n\u00eb k\u00ebt\u00eb vit nuk jan\u00eb planifikuar zgjedhje, nuk \u00ebsht\u00eb ndar\u00eb as buxhet p\u00ebr organizimin e tyre. Sipas tij, kostoja e p\u00ebraf\u00ebrt do t\u00eb jet\u00eb 10 milion\u00eb euro.<\/p>\n<p>\u201cN\u00eb rrethana t\u00eb tilla, pra gjithmon\u00eb n\u00ebse do t\u00eb kemi zgjedhje, KQZ-ja i drejtohet Qeveris\u00eb s\u00eb Kosov\u00ebs me k\u00ebrkes\u00eb p\u00ebr mjetet q\u00eb jan\u00eb t\u00eb nevojshme p\u00ebr mbulimin e shpenzimeve. Ne nuk mund ta dim\u00eb aktualisht se sa mund t\u00eb jet\u00eb kostoja e zgjedhjeve t\u00eb mundshme, pasi aktualisht nuk kemi ndonj\u00eb planifikim. Nj\u00eb shum\u00eb e till\u00eb duhet t\u00eb miratohet nga KQZ-ja dhe kjo do t\u00eb ndodh\u00eb vet\u00ebm n\u00eb rast se do t\u00eb kemi nj\u00eb proces zgjedhor\u201d, ka th\u00ebn\u00eb Elezi.<\/p>\n<p>N\u00eb rast se zgjedhjet shpallen, ato do t\u00eb ishin t\u00eb pestat brenda 16 muajve.<\/p>\n<p>E marta \u00ebsht\u00eb dita e fundit e afatit kushtetues p\u00ebr zgjedhjen e presidentit t\u00eb ri. Deri tash, partit\u00eb politike nuk kan\u00eb gjetur konsensus rreth nj\u00eb emri q\u00eb do t\u00eb siguronte pjes\u00ebmarrjen e s\u00eb paku 80 deputet\u00ebve n\u00eb procesin e votimit p\u00ebr president.<\/p>\n","protected":false},"excerpt":{"rendered":"<p>Dy dit\u00eb para se Kuvendi t\u00eb shp\u00ebrndahet n\u00eb rast se nuk zgjidhet presidenti, n\u00eb Komisionin Qendror t\u00eb Zgjedhjeve kan\u00eb th\u00ebn\u00eb se jan\u00eb gati p\u00ebr organizimin e zgjedhjeve t\u00eb reja, t\u00eb cilat, sipas afatit kushtetues do t\u00eb duhej t\u00eb mbaheshin m\u00eb s\u00eb voni m\u00eb 7 qershor. Z\u00ebdh\u00ebn\u00ebsi i KQZ-s\u00eb, Valmir Elezi, ka th\u00ebn\u00eb se meq\u00eb n\u00eb [&hellip;]<\/p>\n","protected":false},"author":1,"featured_media":232632,"comment_status":"closed","ping_status":"closed","sticky":false,"template":"","format":"standard","meta":{"footnotes":""},"categories":[5],"tags":[],"class_list":{"0":"post-232631","1":"post","2":"type-post","3":"status-publish","4":"format-standard","5":"has-post-thumbnail","7":"category-lajme"},"_links":{"self":[{"href":"https:\/\/radiostargjilan.com\/web\/wp-json\/wp\/v2\/posts\/232631","targetHints":{"allow":["GET"]}}],"collection":[{"href":"https:\/\/radiostargjilan.com\/web\/wp-json\/wp\/v2\/posts"}],"about":[{"href":"https:\/\/radiostargjilan.com\/web\/wp-json\/wp\/v2\/types\/post"}],"author":[{"embeddable":true,"href":"https:\/\/radiostargjilan.com\/web\/wp-json\/wp\/v2\/users\/1"}],"replies":[{"embeddable":true,"href":"https:\/\/radiostargjilan.com\/web\/wp-json\/wp\/v2\/comments?post=232631"}],"version-history":[{"count":1,"href":"https:\/\/radiostargjilan.com\/web\/wp-json\/wp\/v2\/posts\/232631\/revisions"}],"predecessor-version":[{"id":232633,"href":"https:\/\/radiostargjilan.com\/web\/wp-json\/wp\/v2\/posts\/232631\/revisions\/232633"}],"wp:featuredmedia":[{"embeddable":true,"href":"https:\/\/radiostargjilan.com\/web\/wp-json\/wp\/v2\/media\/232632"}],"wp:attachment":[{"href":"https:\/\/radiostargjilan.com\/web\/wp-json\/wp\/v2\/media?parent=232631"}],"wp:term":[{"taxonomy":"category","embeddable":true,"href":"https:\/\/radiostargjilan.com\/web\/wp-json\/wp\/v2\/categories?post=232631"},{"taxonomy":"post_tag","embeddable":true,"href":"https:\/\/radiostargjilan.com\/web\/wp-json\/wp\/v2\/tags?post=232631"}],"curies":[{"name":"wp","href":"https:\/\/api.w.org\/{rel}","templated":true}]}}