{"id":232634,"date":"2026-04-26T22:08:19","date_gmt":"2026-04-26T20:08:19","guid":{"rendered":"https:\/\/radiostargjilan.com\/web\/?p=232634"},"modified":"2026-04-26T22:08:19","modified_gmt":"2026-04-26T20:08:19","slug":"afati-drejt-fundit-hoti-dy-ditet-finale-ose-e-zgjedhim-presidentin-ose-ua-kthejme-mandatin-qytetareve","status":"publish","type":"post","link":"https:\/\/radiostargjilan.com\/web\/afati-drejt-fundit-hoti-dy-ditet-finale-ose-e-zgjedhim-presidentin-ose-ua-kthejme-mandatin-qytetareve\/","title":{"rendered":"Afati drejt fundit, Hoti: Dy dit\u00ebt finale, ose e zgjedhim Presidentin ose ua kthejm\u00eb mandatin qytetar\u00ebve"},"content":{"rendered":"<p>Deputeti i Lidhjes Demokratike t\u00eb Kosov\u00ebs (LDK), Avdullah Hoti ka th\u00ebn\u00eb se nes\u00ebr deputet\u00ebt i kthehen Kuvendit n\u00eb dy dit\u00ebt finale p\u00ebr t\u2019i dh\u00ebn\u00eb Kosov\u00ebs President.<\/p>\n<p>Ai ka postuar nga qyteti i Prizrenit, ku tha se n\u00ebse kjo nuk arrihet at\u00ebher\u00eb mandati i kthehet qytetar\u00ebve s\u00ebrish.<\/p>\n<div class=\"OJnYPg0A\"><ins id=\"revive-0-1\" data-revive-zoneid=\"40\" data-revive-id=\"8ef7f8ba6db9b49c22b7894e66d04a04\" data-revive-seq=\"1\" data-revive-loaded=\"1\"><\/p>\n<div id=\"beacon_3f0d8bd29a\"><img loading=\"lazy\" loading=\"lazy\" decoding=\"async\" src=\"https:\/\/ads.gazeta10.com\/www\/delivery\/lg.php?bannerid=0&amp;campaignid=0&amp;zoneid=40&amp;loc=https%3A%2F%2Fgazeta10.com%2Fafati-drejt-fundit-hoti-dy-ditet-finale-ose-e-zgjedhim-presidentin-ose-ua-kthejme-mandatin-qytetareve%2F&amp;referer=https%3A%2F%2Fgazeta10.com%2Frubrika%2Flajme%2F&amp;cb=3f0d8bd29a\" alt=\"\" width=\"0\" height=\"0\" \/><\/div>\n<p><\/ins><\/div>\n<p>\u201cE diel e k\u00ebndshme n\u00eb Prizren. Nes\u00ebr i kthehemi Kuvendit n\u00eb dy dit\u00ebt finale p\u00ebr t\u2019i dh\u00ebn\u00eb vendit Presidentin e ri ose p\u00ebr ta kthyer mandatin s\u00ebrish te qytetar\u00ebt\u201d, ka shkruar Hoti n\u00eb Facebook.<\/p>\n<p>Deri m\u00eb 28 prill \u00ebsht\u00eb afat kushtetues q\u00eb Kuvendi i Kosov\u00ebs t\u00eb zgjedh Presidentin\/e, n\u00eb rast se d\u00ebshton vendi shkon n\u00eb zgjedhje t\u00eb jasht\u00ebzakonshme parlamentare.<\/p>\n<p><iframe loading=\"lazy\" src=\"https:\/\/www.facebook.com\/plugins\/post.php?href=https%3A%2F%2Fwww.facebook.com%2Favdullah.hoti%2Fposts%2Fpfbid0TfdHbrZfqqXuBcaRRDHYNCBXGSixj5XpRRfHTW9voDPE2ehvA2FJEEFa6WqhyLBUl&amp;show_text=true&amp;width=500\" width=\"500\" height=\"434\" frameborder=\"0\" scrolling=\"no\" allowfullscreen=\"allowfullscreen\" data-mce-fragment=\"1\"><\/iframe><\/p>\n","protected":false},"excerpt":{"rendered":"<p>Deputeti i Lidhjes Demokratike t\u00eb Kosov\u00ebs (LDK), Avdullah Hoti ka th\u00ebn\u00eb se nes\u00ebr deputet\u00ebt i kthehen Kuvendit n\u00eb dy dit\u00ebt finale p\u00ebr t\u2019i dh\u00ebn\u00eb Kosov\u00ebs President. Ai ka postuar nga qyteti i Prizrenit, ku tha se n\u00ebse kjo nuk arrihet at\u00ebher\u00eb mandati i kthehet qytetar\u00ebve s\u00ebrish. \u201cE diel e k\u00ebndshme n\u00eb Prizren. Nes\u00ebr i kthehemi [&hellip;]<\/p>\n","protected":false},"author":1,"featured_media":232635,"comment_status":"closed","ping_status":"closed","sticky":false,"template":"","format":"standard","meta":{"footnotes":""},"categories":[5],"tags":[],"class_list":{"0":"post-232634","1":"post","2":"type-post","3":"status-publish","4":"format-standard","5":"has-post-thumbnail","7":"category-lajme"},"_links":{"self":[{"href":"https:\/\/radiostargjilan.com\/web\/wp-json\/wp\/v2\/posts\/232634","targetHints":{"allow":["GET"]}}],"collection":[{"href":"https:\/\/radiostargjilan.com\/web\/wp-json\/wp\/v2\/posts"}],"about":[{"href":"https:\/\/radiostargjilan.com\/web\/wp-json\/wp\/v2\/types\/post"}],"author":[{"embeddable":true,"href":"https:\/\/radiostargjilan.com\/web\/wp-json\/wp\/v2\/users\/1"}],"replies":[{"embeddable":true,"href":"https:\/\/radiostargjilan.com\/web\/wp-json\/wp\/v2\/comments?post=232634"}],"version-history":[{"count":1,"href":"https:\/\/radiostargjilan.com\/web\/wp-json\/wp\/v2\/posts\/232634\/revisions"}],"predecessor-version":[{"id":232636,"href":"https:\/\/radiostargjilan.com\/web\/wp-json\/wp\/v2\/posts\/232634\/revisions\/232636"}],"wp:featuredmedia":[{"embeddable":true,"href":"https:\/\/radiostargjilan.com\/web\/wp-json\/wp\/v2\/media\/232635"}],"wp:attachment":[{"href":"https:\/\/radiostargjilan.com\/web\/wp-json\/wp\/v2\/media?parent=232634"}],"wp:term":[{"taxonomy":"category","embeddable":true,"href":"https:\/\/radiostargjilan.com\/web\/wp-json\/wp\/v2\/categories?post=232634"},{"taxonomy":"post_tag","embeddable":true,"href":"https:\/\/radiostargjilan.com\/web\/wp-json\/wp\/v2\/tags?post=232634"}],"curies":[{"name":"wp","href":"https:\/\/api.w.org\/{rel}","templated":true}]}}