{"id":232637,"date":"2026-04-26T22:35:26","date_gmt":"2026-04-26T20:35:26","guid":{"rendered":"https:\/\/radiostargjilan.com\/web\/?p=232637"},"modified":"2026-04-26T22:41:43","modified_gmt":"2026-04-26T20:41:43","slug":"vrasja-e-trefishte-ne-gjilan-te-dyshuarit-ende-ne-arrati-ipk-ja-duke-hetuar-zyrtaret-policor","status":"publish","type":"post","link":"https:\/\/radiostargjilan.com\/web\/vrasja-e-trefishte-ne-gjilan-te-dyshuarit-ende-ne-arrati-ipk-ja-duke-hetuar-zyrtaret-policor\/","title":{"rendered":"Vrasja e trefisht\u00eb n\u00eb Gjilan, t\u00eb dyshuarit ende n\u00eb arrati, IPK-ja duke hetuar zyrtar\u00ebt policor"},"content":{"rendered":"<p>An\u00ebtar\u00ebt e familjes Shkodra, t\u00eb k\u00ebrkuar p\u00ebr vrasje t\u00eb r\u00ebnd\u00eb, jan\u00eb ende t\u00eb pakapsh\u00ebm p\u00ebr institucionet e drejt\u00ebsis\u00eb. Derisa policia thot\u00eb se ka nd\u00ebrmarr t\u00eb gjitha masat, p\u00ebr arrestimin e tyre, IPK-ja vazhdon t\u00eb mbaj\u00eb t\u00eb suspenduar por me pages\u00eb, zyrtar\u00ebt policor q\u00eb dyshohet se jan\u00eb t\u00eb p\u00ebrfshir\u00eb n\u00eb rastin e tyre.<\/p>\n<p>Kan\u00eb kaluar 9 muaj q\u00eb nga vrasja e trefisht\u00eb n\u00eb komun\u00ebn e Gjilanit, nd\u00ebrkoh\u00eb q\u00eb t\u00eb dyshuarit ende nuk jan\u00eb kapur nga institucionet e drejt\u00ebsis\u00eb.<\/p>\n<p>Mefail Shkodra s\u00eb bashku me dy djemt\u00eb e tij, Edonis e Engjull Shkodra vazhdojn\u00eb t\u00eb jen\u00eb t\u00eb paarritsh\u00ebm, derisa nga policia e Kosov\u00ebs thon\u00eb se i kan\u00eb marr t\u00eb gjitha veprimet e nevojshme, duke p\u00ebrfshir\u00eb edhe flet arrestin nd\u00ebrkomb\u00ebtar.<\/p>\n<p>\u201cReferuar k\u00ebrkes\u00ebs suaj t\u00eb m\u00ebposhtme ju informojm\u00eb se lidhur me rastin Policia e Kosov\u00ebs ka nd\u00ebrmarr\u00eb t\u00eb gjitha veprimet e nevojshme duke p\u00ebrfshir\u00eb edhe flet arrestin nd\u00ebrkomb\u00ebtar, nd\u00ebrsa sa i p\u00ebrket \u00e7\u00ebshtjes s\u00eb zyrtar\u00ebve policor\u00eb ju lutem q\u00eb ti adresoheni IPK-s\u00eb.\u201d<\/p>\n<p>E pas vrasjes q\u00eb ndodhi n\u00eb gusht t\u00eb vitit t\u00eb kaluar, n\u00eb nj\u00eb kafene n\u00eb qytet ishin aktivizuar edhe Inspektorati Policor i Kosov\u00ebs, t\u00eb cil\u00ebt than\u00eb se edhe m\u00eb tutje kat\u00ebr zyrtar\u00ebt policor vazhdojn\u00eb t\u00eb jen\u00eb t\u00eb suspenduar.<\/p>\n<p>\u201cDuke ju referuar k\u00ebrkes\u00ebs suaj gjeni p\u00ebrgjigjen nga IPK-ja si n\u00eb vijim: Sa i p\u00ebrket zyrtar\u00ebve policor\u00eb IPK ju konfirmon se t\u00eb nj\u00ebjtit jan\u00eb ende t\u00eb suspenduar me pages\u00eb dhe se kjo do t\u00eb vazhdoj\u00eb deri sa t\u00eb jet\u00eb n\u00eb interes t\u00eb hetimit penal t\u00eb cilin \u00ebsht\u00eb duke e zhvilluar IPK-ja. Rasti n\u00eb fjal\u00eb \u00ebsht\u00eb ende n\u00eb hetim dhe hetuesit e Inspektoratit Policor t\u00eb Kosov\u00ebs jan\u00eb duke kryer disa veprime hetimore n\u00eb koordinim me prokurorin\u00eb kompetente.\u201d<\/p>\n<p>IPK-ja kishte rekomanduar suspendimin e nj\u00eb rreshteri policor dhe nj\u00eb hetuesi nga Nj\u00ebsiti i Hetimeve Rajonale n\u00eb Gjilan, nj\u00eb rreshter policor q\u00eb ishte shef i hetimeve n\u00eb Stacionin Policor t\u00eb Novob\u00ebrd\u00ebs, dhe nj\u00eb zyrtar policor t\u00eb Nj\u00ebsis\u00eb s\u00eb Reagimit t\u00eb Shpejt\u00eb n\u00eb Gjilan.<\/p>\n<p>Avokati Valdet Hoxha thot\u00eb se mungesa e bashk\u00ebpunimit juridik me shtetin e Serbis\u00eb q\u00eb potencialisht mund t\u00eb jet\u00eb streh\u00eb p\u00ebr t\u00eb dyshuarit, sjell\u00eb sfida p\u00ebr arrestimin e tyre.<\/p>\n<p>\u201cNatyrisht q\u00eb \u00ebsht\u00eb sfid\u00eb e jasht\u00ebzakonshme edhe n\u00eb rastet kur t\u00eb dyshuarit mund t\u00eb mos jen\u00eb brenda shtetit dhe mund t\u00eb ken\u00eb kaluar kufirin at\u00ebher\u00eb sfida e radh\u00ebs p\u00ebr institucionet e vendit ton\u00eb \u00ebsht\u00eb edhe mungesa e bashk\u00ebpunimit nd\u00ebrkomb\u00ebtar me disa shtete ku eventualisht t\u00eb dyshuarit mund t\u00eb strehohen, prandaj k\u00ebto jan\u00eb sfidat q\u00eb ballafaqohen mekanizmat kompetent, por nuk duhet t\u00eb pushojn\u00eb dhe duhet t\u00eb marrin veprimet q\u00eb parashihen me korniz\u00ebn ligjore\u201d, ka deklaruar Hoxha.<\/p>\n<p>Kompetencat p\u00ebr k\u00ebt\u00eb rast kan\u00eb kaluar n\u00eb Prokurorin\u00eb Speciale, derisa kjo e fundit nuk ka kthyer p\u00ebrgjigje, rreth hetimeve t\u00eb k\u00ebtij rasti.<br \/>\nAn\u00ebtar\u00ebt e familjes Shkodra t\u00eb k\u00ebrkuar p\u00ebr vrasje t\u00eb r\u00ebnd\u00eb, ishin t\u00eb njohur p\u00ebr institucionet e drejt\u00ebsis\u00eb edhe p\u00ebr rastet e fajdeve meq\u00eb ishin arrestuar n\u00eb t\u00eb kaluar\u00ebn, e q\u00eb m\u00eb pas ishin liruar.\/Tv Dukagjini<\/p>\n<div style=\"left: 0; width: 100%; height: 0; position: relative; padding-bottom: 56.25%;\"><iframe src=\"https:\/\/www.youtube.com\/embed\/L_G0SdB6C6g?rel=0\" style=\"top: 0; left: 0; width: 100%; height: 100%; position: absolute; border: 0;\" allowfullscreen scrolling=\"no\" allow=\"accelerometer *; clipboard-write *; encrypted-media *; gyroscope *; picture-in-picture *; web-share *;\" referrerpolicy=\"strict-origin\"><\/iframe><\/div>\n","protected":false},"excerpt":{"rendered":"<p>An\u00ebtar\u00ebt e familjes Shkodra, t\u00eb k\u00ebrkuar p\u00ebr vrasje t\u00eb r\u00ebnd\u00eb, jan\u00eb ende t\u00eb pakapsh\u00ebm p\u00ebr institucionet e drejt\u00ebsis\u00eb. Derisa policia thot\u00eb se ka nd\u00ebrmarr t\u00eb gjitha masat, p\u00ebr arrestimin e tyre, IPK-ja vazhdon t\u00eb mbaj\u00eb t\u00eb suspenduar por me pages\u00eb, zyrtar\u00ebt policor q\u00eb dyshohet se jan\u00eb t\u00eb p\u00ebrfshir\u00eb n\u00eb rastin e tyre. Kan\u00eb kaluar 9 [&hellip;]<\/p>\n","protected":false},"author":1,"featured_media":232638,"comment_status":"closed","ping_status":"closed","sticky":false,"template":"","format":"standard","meta":{"footnotes":""},"categories":[5],"tags":[],"class_list":{"0":"post-232637","1":"post","2":"type-post","3":"status-publish","4":"format-standard","5":"has-post-thumbnail","7":"category-lajme"},"_links":{"self":[{"href":"https:\/\/radiostargjilan.com\/web\/wp-json\/wp\/v2\/posts\/232637","targetHints":{"allow":["GET"]}}],"collection":[{"href":"https:\/\/radiostargjilan.com\/web\/wp-json\/wp\/v2\/posts"}],"about":[{"href":"https:\/\/radiostargjilan.com\/web\/wp-json\/wp\/v2\/types\/post"}],"author":[{"embeddable":true,"href":"https:\/\/radiostargjilan.com\/web\/wp-json\/wp\/v2\/users\/1"}],"replies":[{"embeddable":true,"href":"https:\/\/radiostargjilan.com\/web\/wp-json\/wp\/v2\/comments?post=232637"}],"version-history":[{"count":1,"href":"https:\/\/radiostargjilan.com\/web\/wp-json\/wp\/v2\/posts\/232637\/revisions"}],"predecessor-version":[{"id":232644,"href":"https:\/\/radiostargjilan.com\/web\/wp-json\/wp\/v2\/posts\/232637\/revisions\/232644"}],"wp:featuredmedia":[{"embeddable":true,"href":"https:\/\/radiostargjilan.com\/web\/wp-json\/wp\/v2\/media\/232638"}],"wp:attachment":[{"href":"https:\/\/radiostargjilan.com\/web\/wp-json\/wp\/v2\/media?parent=232637"}],"wp:term":[{"taxonomy":"category","embeddable":true,"href":"https:\/\/radiostargjilan.com\/web\/wp-json\/wp\/v2\/categories?post=232637"},{"taxonomy":"post_tag","embeddable":true,"href":"https:\/\/radiostargjilan.com\/web\/wp-json\/wp\/v2\/tags?post=232637"}],"curies":[{"name":"wp","href":"https:\/\/api.w.org\/{rel}","templated":true}]}}