{"id":232650,"date":"2026-04-27T08:21:51","date_gmt":"2026-04-27T06:21:51","guid":{"rendered":"https:\/\/radiostargjilan.com\/web\/?p=232650"},"modified":"2026-04-27T08:21:51","modified_gmt":"2026-04-27T06:21:51","slug":"sot-shpallet-aktgjykimi-ndaj-te-akuzuares-per-spiunazh-jelena-gjukanoviq","status":"publish","type":"post","link":"https:\/\/radiostargjilan.com\/web\/sot-shpallet-aktgjykimi-ndaj-te-akuzuares-per-spiunazh-jelena-gjukanoviq\/","title":{"rendered":"Sot shpallet aktgjykimi ndaj t\u00eb akuzuar\u00ebs p\u00ebr spiunazh, Jelena Gjukanoviq"},"content":{"rendered":"<p>N\u00eb Gjykat\u00eb Themelore t\u00eb Prishtin\u00ebs sot do t\u00eb shpallet aktgjykimi ndaj ish-pun\u00ebtores s\u00eb OSBE-s\u00eb Jelena Gjukanoviq, e cila akuzohet p\u00ebr vepr\u00ebn penale t\u00eb spiunazhit.<\/p>\n<p>N\u00eb fjal\u00ebn p\u00ebrfundimtare, Prokuroria ka k\u00ebrkuar d\u00ebnim prej 25 vjet\u00ebsh (d\u00ebnim maksimal) n\u00eb k\u00ebt\u00eb rast q\u00eb konsiderohet si nj\u00eb nd\u00ebr m\u00eb t\u00eb r\u00ebnd\u00ebsishmit n\u00eb fush\u00ebn e siguris\u00eb q\u00eb \u00ebsht\u00eb trajtuar n\u00eb Kosov\u00eb.<\/p>\n<p>Ndryshe, shpallja e aktgjykimit ndaj Gjukanoviqit pritet t\u00eb shpallet nga ora 13:15.<\/p>\n","protected":false},"excerpt":{"rendered":"<p>N\u00eb Gjykat\u00eb Themelore t\u00eb Prishtin\u00ebs sot do t\u00eb shpallet aktgjykimi ndaj ish-pun\u00ebtores s\u00eb OSBE-s\u00eb Jelena Gjukanoviq, e cila akuzohet p\u00ebr vepr\u00ebn penale t\u00eb spiunazhit. N\u00eb fjal\u00ebn p\u00ebrfundimtare, Prokuroria ka k\u00ebrkuar d\u00ebnim prej 25 vjet\u00ebsh (d\u00ebnim maksimal) n\u00eb k\u00ebt\u00eb rast q\u00eb konsiderohet si nj\u00eb nd\u00ebr m\u00eb t\u00eb r\u00ebnd\u00ebsishmit n\u00eb fush\u00ebn e siguris\u00eb q\u00eb \u00ebsht\u00eb trajtuar n\u00eb [&hellip;]<\/p>\n","protected":false},"author":1,"featured_media":232652,"comment_status":"closed","ping_status":"closed","sticky":false,"template":"","format":"standard","meta":{"footnotes":""},"categories":[5],"tags":[],"class_list":{"0":"post-232650","1":"post","2":"type-post","3":"status-publish","4":"format-standard","5":"has-post-thumbnail","7":"category-lajme"},"_links":{"self":[{"href":"https:\/\/radiostargjilan.com\/web\/wp-json\/wp\/v2\/posts\/232650","targetHints":{"allow":["GET"]}}],"collection":[{"href":"https:\/\/radiostargjilan.com\/web\/wp-json\/wp\/v2\/posts"}],"about":[{"href":"https:\/\/radiostargjilan.com\/web\/wp-json\/wp\/v2\/types\/post"}],"author":[{"embeddable":true,"href":"https:\/\/radiostargjilan.com\/web\/wp-json\/wp\/v2\/users\/1"}],"replies":[{"embeddable":true,"href":"https:\/\/radiostargjilan.com\/web\/wp-json\/wp\/v2\/comments?post=232650"}],"version-history":[{"count":1,"href":"https:\/\/radiostargjilan.com\/web\/wp-json\/wp\/v2\/posts\/232650\/revisions"}],"predecessor-version":[{"id":232653,"href":"https:\/\/radiostargjilan.com\/web\/wp-json\/wp\/v2\/posts\/232650\/revisions\/232653"}],"wp:featuredmedia":[{"embeddable":true,"href":"https:\/\/radiostargjilan.com\/web\/wp-json\/wp\/v2\/media\/232652"}],"wp:attachment":[{"href":"https:\/\/radiostargjilan.com\/web\/wp-json\/wp\/v2\/media?parent=232650"}],"wp:term":[{"taxonomy":"category","embeddable":true,"href":"https:\/\/radiostargjilan.com\/web\/wp-json\/wp\/v2\/categories?post=232650"},{"taxonomy":"post_tag","embeddable":true,"href":"https:\/\/radiostargjilan.com\/web\/wp-json\/wp\/v2\/tags?post=232650"}],"curies":[{"name":"wp","href":"https:\/\/api.w.org\/{rel}","templated":true}]}}