{"id":232654,"date":"2026-04-27T08:22:41","date_gmt":"2026-04-27T06:22:41","guid":{"rendered":"https:\/\/radiostargjilan.com\/web\/?p=232654"},"modified":"2026-04-27T08:22:41","modified_gmt":"2026-04-27T06:22:41","slug":"kuvendi-mblidhet-per-dy-seanca-njera-i-kushtohet-rexhep-qosjes","status":"publish","type":"post","link":"https:\/\/radiostargjilan.com\/web\/kuvendi-mblidhet-per-dy-seanca-njera-i-kushtohet-rexhep-qosjes\/","title":{"rendered":"Kuvendi mblidhet p\u00ebr dy seanca, nj\u00ebra i kushtohet Rexhep Qosjes"},"content":{"rendered":"<p>Kuvendi i Kosov\u00ebs sot do t\u00eb mblidhet p\u00ebr t\u00eb zhvilluar dy seanca.<\/p>\n<p>Me fillim nga ora 09:00, t\u00eb zgjedhurit e popullit b\u00ebhen bashk\u00eb p\u00ebr ta nderuar akademikun e ndjer\u00eb, Rexhep Qosjen.<br \/>\nNd\u00ebrsa nga ora 12:00 Parlamenti do t\u00eb mbaj\u00eb seanc\u00eb t\u00eb rregullt plenare.<\/p>\n","protected":false},"excerpt":{"rendered":"<p>Kuvendi i Kosov\u00ebs sot do t\u00eb mblidhet p\u00ebr t\u00eb zhvilluar dy seanca. Me fillim nga ora 09:00, t\u00eb zgjedhurit e popullit b\u00ebhen bashk\u00eb p\u00ebr ta nderuar akademikun e ndjer\u00eb, Rexhep Qosjen. Nd\u00ebrsa nga ora 12:00 Parlamenti do t\u00eb mbaj\u00eb seanc\u00eb t\u00eb rregullt plenare.<\/p>\n","protected":false},"author":1,"featured_media":232491,"comment_status":"closed","ping_status":"closed","sticky":false,"template":"","format":"standard","meta":{"footnotes":""},"categories":[5],"tags":[],"class_list":{"0":"post-232654","1":"post","2":"type-post","3":"status-publish","4":"format-standard","5":"has-post-thumbnail","7":"category-lajme"},"_links":{"self":[{"href":"https:\/\/radiostargjilan.com\/web\/wp-json\/wp\/v2\/posts\/232654","targetHints":{"allow":["GET"]}}],"collection":[{"href":"https:\/\/radiostargjilan.com\/web\/wp-json\/wp\/v2\/posts"}],"about":[{"href":"https:\/\/radiostargjilan.com\/web\/wp-json\/wp\/v2\/types\/post"}],"author":[{"embeddable":true,"href":"https:\/\/radiostargjilan.com\/web\/wp-json\/wp\/v2\/users\/1"}],"replies":[{"embeddable":true,"href":"https:\/\/radiostargjilan.com\/web\/wp-json\/wp\/v2\/comments?post=232654"}],"version-history":[{"count":1,"href":"https:\/\/radiostargjilan.com\/web\/wp-json\/wp\/v2\/posts\/232654\/revisions"}],"predecessor-version":[{"id":232655,"href":"https:\/\/radiostargjilan.com\/web\/wp-json\/wp\/v2\/posts\/232654\/revisions\/232655"}],"wp:featuredmedia":[{"embeddable":true,"href":"https:\/\/radiostargjilan.com\/web\/wp-json\/wp\/v2\/media\/232491"}],"wp:attachment":[{"href":"https:\/\/radiostargjilan.com\/web\/wp-json\/wp\/v2\/media?parent=232654"}],"wp:term":[{"taxonomy":"category","embeddable":true,"href":"https:\/\/radiostargjilan.com\/web\/wp-json\/wp\/v2\/categories?post=232654"},{"taxonomy":"post_tag","embeddable":true,"href":"https:\/\/radiostargjilan.com\/web\/wp-json\/wp\/v2\/tags?post=232654"}],"curies":[{"name":"wp","href":"https:\/\/api.w.org\/{rel}","templated":true}]}}