{"id":232656,"date":"2026-04-27T08:23:50","date_gmt":"2026-04-27T06:23:50","guid":{"rendered":"https:\/\/radiostargjilan.com\/web\/?p=232656"},"modified":"2026-04-27T08:23:50","modified_gmt":"2026-04-27T06:23:50","slug":"nuk-kemi-pranuar-asnje-propozim-konkret-reagon-vvja-pas-propozimit-te-kurtit-per-presidentin","status":"publish","type":"post","link":"https:\/\/radiostargjilan.com\/web\/nuk-kemi-pranuar-asnje-propozim-konkret-reagon-vvja-pas-propozimit-te-kurtit-per-presidentin\/","title":{"rendered":"\u201cNuk kemi pranuar asnj\u00eb propozim konkret\u201d, reagon VV\u2019ja pas propozimit t\u00eb Kurtit p\u00ebr presidentin"},"content":{"rendered":"<p>Shefja e Grupit Parlamentar t\u00eb L\u00ebvizjes Vet\u00ebvendosje, Arb\u00ebrie Nagavci, ka th\u00ebn\u00eb se s\u2019kan\u00eb pranuar asnj\u00eb propozim konkret lidhur me propozimin e kryeministrit Albin Kurti, q\u00eb t\u00eb propozohen tre emra koncensual\u00eb p\u00ebr president.<\/p>\n<p>Nagavci me an\u00eb t\u00eb nj\u00eb shkrimi n\u00eb \u2018Facebook\u2019 tha se VV\u2019ja fton PDK\u2019n\u00eb dhe LDK\u2019n\u00eb t\u00eb kontribuojn\u00eb n\u00eb propozimin e presidentit, shkruan Insajderi.<\/p>\n<p>\u201cL\u00ebvizja VET\u00cbVENDOSJE! dje e b\u00ebri edhe nj\u00eb hap tutje p\u00ebr t\u00eb mund\u00ebsuar tejkalimin e ng\u00ebr\u00e7it n\u00eb zgjidhjen e presidentit, duke hequr dor\u00eb nga kjo pozit\u00eb dhe duke ftuar dy partit\u00eb m\u00eb t\u00eb m\u00ebdha opozitare q\u00eb t\u00eb vijn\u00eb me 3 propozime t\u00eb kandidaturave unifikuese jasht\u00eb sken\u00ebs politike, me integritet e kontribut t\u00eb d\u00ebshmuar\u201d, thuhet n\u00eb deklarat\u00ebn e Nagavcit.<\/p>\n<p>\u201cP\u00ebrtej deklaratave n\u00eb media e rrjete sociale nga PDK e LDK, deri m\u00eb tani, ne nuk kemi pranuar zyrtarisht asnj\u00eb propozim konkret karshi ofert\u00ebs son\u00eb p\u00ebr t\u2019i dh\u00ebn\u00eb vendit nj\u00eb president konsensual e unifikues\u201d.<\/p>\n<p>\u201cP\u00ebr shkak t\u00eb pesh\u00ebs s\u00eb situat\u00ebs dhe r\u00ebnd\u00ebsis\u00eb s\u00eb afateve, ne mbesim n\u00eb pritje t\u00eb propozimeve konkrete edhe sonte, dhe i ftojm\u00eb edhe nj\u00ebher\u00eb PDK-n\u00eb e LDK-n\u00eb q\u00eb t\u00eb kontribuojn\u00eb n\u00eb tejkalimin e situat\u00ebs me propozimin e 3 emrave, dhe t\u2019i v\u00ebn\u00eb n\u00eb dispozicion n\u00ebnshkrimet e t\u00eb gjith\u00eb deputet\u00ebve t\u00eb tyre dhe t\u2019i japim fund kriz\u00ebs dhe t\u2019i ofrojm\u00eb qytetar\u00ebve stabilitetin institucional q\u00eb vendi e meriton\u201d, p\u00ebrmbyllet shkrimi i Nagavcit.<\/p>\n","protected":false},"excerpt":{"rendered":"<p>Shefja e Grupit Parlamentar t\u00eb L\u00ebvizjes Vet\u00ebvendosje, Arb\u00ebrie Nagavci, ka th\u00ebn\u00eb se s\u2019kan\u00eb pranuar asnj\u00eb propozim konkret lidhur me propozimin e kryeministrit Albin Kurti, q\u00eb t\u00eb propozohen tre emra koncensual\u00eb p\u00ebr president. Nagavci me an\u00eb t\u00eb nj\u00eb shkrimi n\u00eb \u2018Facebook\u2019 tha se VV\u2019ja fton PDK\u2019n\u00eb dhe LDK\u2019n\u00eb t\u00eb kontribuojn\u00eb n\u00eb propozimin e presidentit, shkruan Insajderi. [&hellip;]<\/p>\n","protected":false},"author":1,"featured_media":232657,"comment_status":"closed","ping_status":"closed","sticky":false,"template":"","format":"standard","meta":{"footnotes":""},"categories":[5],"tags":[],"class_list":{"0":"post-232656","1":"post","2":"type-post","3":"status-publish","4":"format-standard","5":"has-post-thumbnail","7":"category-lajme"},"_links":{"self":[{"href":"https:\/\/radiostargjilan.com\/web\/wp-json\/wp\/v2\/posts\/232656","targetHints":{"allow":["GET"]}}],"collection":[{"href":"https:\/\/radiostargjilan.com\/web\/wp-json\/wp\/v2\/posts"}],"about":[{"href":"https:\/\/radiostargjilan.com\/web\/wp-json\/wp\/v2\/types\/post"}],"author":[{"embeddable":true,"href":"https:\/\/radiostargjilan.com\/web\/wp-json\/wp\/v2\/users\/1"}],"replies":[{"embeddable":true,"href":"https:\/\/radiostargjilan.com\/web\/wp-json\/wp\/v2\/comments?post=232656"}],"version-history":[{"count":1,"href":"https:\/\/radiostargjilan.com\/web\/wp-json\/wp\/v2\/posts\/232656\/revisions"}],"predecessor-version":[{"id":232658,"href":"https:\/\/radiostargjilan.com\/web\/wp-json\/wp\/v2\/posts\/232656\/revisions\/232658"}],"wp:featuredmedia":[{"embeddable":true,"href":"https:\/\/radiostargjilan.com\/web\/wp-json\/wp\/v2\/media\/232657"}],"wp:attachment":[{"href":"https:\/\/radiostargjilan.com\/web\/wp-json\/wp\/v2\/media?parent=232656"}],"wp:term":[{"taxonomy":"category","embeddable":true,"href":"https:\/\/radiostargjilan.com\/web\/wp-json\/wp\/v2\/categories?post=232656"},{"taxonomy":"post_tag","embeddable":true,"href":"https:\/\/radiostargjilan.com\/web\/wp-json\/wp\/v2\/tags?post=232656"}],"curies":[{"name":"wp","href":"https:\/\/api.w.org\/{rel}","templated":true}]}}