{"id":232659,"date":"2026-04-27T09:43:32","date_gmt":"2026-04-27T07:43:32","guid":{"rendered":"https:\/\/radiostargjilan.com\/web\/?p=232659"},"modified":"2026-04-27T09:43:32","modified_gmt":"2026-04-27T07:43:32","slug":"ne-gjilan-arrestohen-pese-persona-te-dyshuar-per-vjedhje-ne-nje-shtepi","status":"publish","type":"post","link":"https:\/\/radiostargjilan.com\/web\/ne-gjilan-arrestohen-pese-persona-te-dyshuar-per-vjedhje-ne-nje-shtepi\/","title":{"rendered":"N\u00eb Gjilan arrestohen pes\u00eb persona t\u00eb dyshuar p\u00ebr vjedhje n\u00eb nj\u00eb sht\u00ebpi"},"content":{"rendered":"<p>Jan\u00eb identifikuar dhe arrestuar pes\u00eb t\u00eb dyshuar pasi q\u00eb dit\u00eb m\u00eb par\u00eb dyshohet se kishin dep\u00ebrtuar me forc\u00eb n\u00eb sht\u00ebpin\u00eb e viktim\u00ebs, ku kishin vjedhur gj\u00ebsende t\u00eb ndryshme.<\/p>\n<p>Policia njofton p\u00ebrmes raportit se gj\u00ebsendet e vjedhura i jan\u00eb kthyer pronari, derisa t\u00eb dyshuarit jan\u00eb d\u00ebrguar n\u00eb mbajtje.<\/p>\n<p>\u201cJan\u00eb identifikuar dhe arrestuar pes\u00eb t\u00eb dyshuar meshkuj kosovar\u00eb pasi q\u00eb dit\u00eb m\u00eb par\u00eb dyshohet se kishin dep\u00ebrtuar me forc\u00eb n\u00eb sht\u00ebpin\u00eb e viktim\u00ebs mashkull kosovar, ku kishin vjedhur gj\u00ebsende t\u00eb ndryshme. Gj\u00ebsendet e vjedhura i jan\u00eb kthyer pronarit, nd\u00ebrsa me vendim t\u00eb prokurorit t\u00eb dyshuarit jan\u00eb d\u00ebrguar n\u00eb mbajtje\u201d.<\/p>\n","protected":false},"excerpt":{"rendered":"<p>Jan\u00eb identifikuar dhe arrestuar pes\u00eb t\u00eb dyshuar pasi q\u00eb dit\u00eb m\u00eb par\u00eb dyshohet se kishin dep\u00ebrtuar me forc\u00eb n\u00eb sht\u00ebpin\u00eb e viktim\u00ebs, ku kishin vjedhur gj\u00ebsende t\u00eb ndryshme. Policia njofton p\u00ebrmes raportit se gj\u00ebsendet e vjedhura i jan\u00eb kthyer pronari, derisa t\u00eb dyshuarit jan\u00eb d\u00ebrguar n\u00eb mbajtje. \u201cJan\u00eb identifikuar dhe arrestuar pes\u00eb t\u00eb dyshuar meshkuj [&hellip;]<\/p>\n","protected":false},"author":1,"featured_media":232661,"comment_status":"closed","ping_status":"closed","sticky":false,"template":"","format":"standard","meta":{"footnotes":""},"categories":[5],"tags":[],"class_list":{"0":"post-232659","1":"post","2":"type-post","3":"status-publish","4":"format-standard","5":"has-post-thumbnail","7":"category-lajme"},"_links":{"self":[{"href":"https:\/\/radiostargjilan.com\/web\/wp-json\/wp\/v2\/posts\/232659","targetHints":{"allow":["GET"]}}],"collection":[{"href":"https:\/\/radiostargjilan.com\/web\/wp-json\/wp\/v2\/posts"}],"about":[{"href":"https:\/\/radiostargjilan.com\/web\/wp-json\/wp\/v2\/types\/post"}],"author":[{"embeddable":true,"href":"https:\/\/radiostargjilan.com\/web\/wp-json\/wp\/v2\/users\/1"}],"replies":[{"embeddable":true,"href":"https:\/\/radiostargjilan.com\/web\/wp-json\/wp\/v2\/comments?post=232659"}],"version-history":[{"count":1,"href":"https:\/\/radiostargjilan.com\/web\/wp-json\/wp\/v2\/posts\/232659\/revisions"}],"predecessor-version":[{"id":232662,"href":"https:\/\/radiostargjilan.com\/web\/wp-json\/wp\/v2\/posts\/232659\/revisions\/232662"}],"wp:featuredmedia":[{"embeddable":true,"href":"https:\/\/radiostargjilan.com\/web\/wp-json\/wp\/v2\/media\/232661"}],"wp:attachment":[{"href":"https:\/\/radiostargjilan.com\/web\/wp-json\/wp\/v2\/media?parent=232659"}],"wp:term":[{"taxonomy":"category","embeddable":true,"href":"https:\/\/radiostargjilan.com\/web\/wp-json\/wp\/v2\/categories?post=232659"},{"taxonomy":"post_tag","embeddable":true,"href":"https:\/\/radiostargjilan.com\/web\/wp-json\/wp\/v2\/tags?post=232659"}],"curies":[{"name":"wp","href":"https:\/\/api.w.org\/{rel}","templated":true}]}}