{"id":232665,"date":"2026-04-27T10:14:50","date_gmt":"2026-04-27T08:14:50","guid":{"rendered":"https:\/\/radiostargjilan.com\/web\/?p=232665"},"modified":"2026-04-27T10:14:50","modified_gmt":"2026-04-27T08:14:50","slug":"naser-korca-gjykata-e-apelit-rrezon-vendimin-e-shkalles-se-pare-per-rastin-e-varrezave-ne-gjilan","status":"publish","type":"post","link":"https:\/\/radiostargjilan.com\/web\/naser-korca-gjykata-e-apelit-rrezon-vendimin-e-shkalles-se-pare-per-rastin-e-varrezave-ne-gjilan\/","title":{"rendered":"Naser Kor\u00e7a: Gjykata e Apelit rr\u00ebzon vendimin e shkall\u00ebs s\u00eb par\u00eb p\u00ebr rastin e varrezave n\u00eb Gjilan"},"content":{"rendered":"<p>Ish-drejtori i DSHPIB-s\u00eb, Naser Kor\u00e7a, ka b\u00ebr\u00eb t\u00eb ditur se Gjykata e Apelit ka marr\u00eb nj\u00eb vendim n\u00eb lidhje me \u00e7\u00ebshtjen gjyq\u00ebsore q\u00eb lidhet me lokacionin e varrezave t\u00eb reja n\u00eb Komun\u00ebn e Gjilanit.<\/p>\n<p>Sipas Kor\u00e7\u00ebs, n\u00eb vitin 2019, me nj\u00eb vendim t\u00eb at\u00ebhersh\u00ebm t\u00eb ish-Kryeministrit Ramush Haradinaj, nj\u00eb pron\u00eb e menaxhuar nga AKP \u00ebsht\u00eb kaluar n\u00eb pron\u00ebsi t\u00eb Komun\u00ebs s\u00eb Gjilanit p\u00ebr nevojat e nd\u00ebrtimit t\u00eb varrezave t\u00eb reja komunale. Pas k\u00ebtij vendimi, si\u00e7 thekson ai, kan\u00eb nisur edhe punimet p\u00ebr realizimin e projektit.<\/p>\n<p>Megjithat\u00eb, procesi \u00ebsht\u00eb nd\u00ebrprer\u00eb m\u00eb von\u00eb p\u00ebr shkak t\u00eb kontestimeve rreth lokacionit, \u00e7\u00ebshtje e cila ka p\u00ebrfunduar n\u00eb procedura gjyq\u00ebsore. N\u00eb shkall\u00ebn e par\u00eb, Gjykata Themelore kishte vendosur n\u00eb disfavor t\u00eb tij, duke e obliguar me gjob\u00eb dhe shpenzime procedurale, vendim i cili \u00ebsht\u00eb kontestuar n\u00eb aspektin e vler\u00ebsimit t\u00eb provave t\u00eb paraqitura.<\/p>\n<p>Kor\u00e7a thekson se p\u00ebrmes ankes\u00ebs s\u00eb parashtruar nga avokati Sherif Sherifi n\u00eb Gjykat\u00ebn e Apelit, jan\u00eb prezantuar prova shtes\u00eb t\u00eb dokumentuara, t\u00eb cilat sipas tij kan\u00eb ndikuar q\u00eb rasti t\u00eb trajtohet n\u00eb m\u00ebnyr\u00eb m\u00eb t\u00eb plot\u00eb dhe profesionale, duke \u00e7uar n\u00eb rr\u00ebzimin e pretendimeve t\u00eb pal\u00ebs padit\u00ebse.<\/p>\n<p>Ai shton se, gjat\u00eb periudh\u00ebs sa ka ushtruar detyr\u00ebn e drejtorit, ka qen\u00eb i angazhuar s\u00eb bashku me kryetarin e at\u00ebhersh\u00ebm Lutfi Haziri p\u00ebr gjetjen e nj\u00eb zgjidhjeje p\u00ebrfundimtare t\u00eb \u00e7\u00ebshtjes s\u00eb varrezave t\u00eb reja n\u00eb qytet.<\/p>\n<p>Sipas tij, pavar\u00ebsisht kalimit t\u00eb disa viteve, ende nuk \u00ebsht\u00eb gjetur nj\u00eb zgjidhje alternative p\u00ebr k\u00ebt\u00eb \u00e7\u00ebshtje, nd\u00ebrsa situata e munges\u00ebs s\u00eb hap\u00ebsirave t\u00eb varrimit mbetet sfid\u00eb p\u00ebr qytetar\u00ebt e Gjilanit.<\/p>\n<p>Kor\u00e7a p\u00ebrfundon se vendimi i Gjykat\u00ebs s\u00eb Apelit p\u00ebrb\u00ebn nj\u00eb zhvillim t\u00eb r\u00ebnd\u00ebsish\u00ebm n\u00eb k\u00ebt\u00eb proces dhe se, sipas tij, e v\u00ebrteta \u00ebsht\u00eb dokumentuar p\u00ebrmes procedurave ligjore.\/Radio Star\/<\/p>\n","protected":false},"excerpt":{"rendered":"<p>Ish-drejtori i DSHPIB-s\u00eb, Naser Kor\u00e7a, ka b\u00ebr\u00eb t\u00eb ditur se Gjykata e Apelit ka marr\u00eb nj\u00eb vendim n\u00eb lidhje me \u00e7\u00ebshtjen gjyq\u00ebsore q\u00eb lidhet me lokacionin e varrezave t\u00eb reja n\u00eb Komun\u00ebn e Gjilanit. Sipas Kor\u00e7\u00ebs, n\u00eb vitin 2019, me nj\u00eb vendim t\u00eb at\u00ebhersh\u00ebm t\u00eb ish-Kryeministrit Ramush Haradinaj, nj\u00eb pron\u00eb e menaxhuar nga AKP \u00ebsht\u00eb [&hellip;]<\/p>\n","protected":false},"author":1,"featured_media":232666,"comment_status":"closed","ping_status":"closed","sticky":false,"template":"","format":"standard","meta":{"footnotes":""},"categories":[5],"tags":[],"class_list":{"0":"post-232665","1":"post","2":"type-post","3":"status-publish","4":"format-standard","5":"has-post-thumbnail","7":"category-lajme"},"_links":{"self":[{"href":"https:\/\/radiostargjilan.com\/web\/wp-json\/wp\/v2\/posts\/232665","targetHints":{"allow":["GET"]}}],"collection":[{"href":"https:\/\/radiostargjilan.com\/web\/wp-json\/wp\/v2\/posts"}],"about":[{"href":"https:\/\/radiostargjilan.com\/web\/wp-json\/wp\/v2\/types\/post"}],"author":[{"embeddable":true,"href":"https:\/\/radiostargjilan.com\/web\/wp-json\/wp\/v2\/users\/1"}],"replies":[{"embeddable":true,"href":"https:\/\/radiostargjilan.com\/web\/wp-json\/wp\/v2\/comments?post=232665"}],"version-history":[{"count":1,"href":"https:\/\/radiostargjilan.com\/web\/wp-json\/wp\/v2\/posts\/232665\/revisions"}],"predecessor-version":[{"id":232667,"href":"https:\/\/radiostargjilan.com\/web\/wp-json\/wp\/v2\/posts\/232665\/revisions\/232667"}],"wp:featuredmedia":[{"embeddable":true,"href":"https:\/\/radiostargjilan.com\/web\/wp-json\/wp\/v2\/media\/232666"}],"wp:attachment":[{"href":"https:\/\/radiostargjilan.com\/web\/wp-json\/wp\/v2\/media?parent=232665"}],"wp:term":[{"taxonomy":"category","embeddable":true,"href":"https:\/\/radiostargjilan.com\/web\/wp-json\/wp\/v2\/categories?post=232665"},{"taxonomy":"post_tag","embeddable":true,"href":"https:\/\/radiostargjilan.com\/web\/wp-json\/wp\/v2\/tags?post=232665"}],"curies":[{"name":"wp","href":"https:\/\/api.w.org\/{rel}","templated":true}]}}