{"id":232669,"date":"2026-04-27T10:58:46","date_gmt":"2026-04-27T08:58:46","guid":{"rendered":"https:\/\/radiostargjilan.com\/web\/?p=232669"},"modified":"2026-04-27T10:58:46","modified_gmt":"2026-04-27T08:58:46","slug":"veton-zeqiri-riga-pharm-po-permendet-nga-eksponente-te-ndryshem-por-kompania-mbetet-e-fokusuar-te-puna-dhe-standardi","status":"publish","type":"post","link":"https:\/\/radiostargjilan.com\/web\/veton-zeqiri-riga-pharm-po-permendet-nga-eksponente-te-ndryshem-por-kompania-mbetet-e-fokusuar-te-puna-dhe-standardi\/","title":{"rendered":"Veton Zeqiri: Riga Pharm po p\u00ebrmendet nga eksponent\u00eb t\u00eb ndrysh\u00ebm, por kompania mbetet e fokusuar te puna dhe standardi"},"content":{"rendered":"<p>Pronari i kompanis\u00eb farmaceutike Riga Pharm, Veton Zeqiri, ka reaguar publikisht pas p\u00ebrmendjes s\u00eb fundit t\u00eb kompanis\u00eb s\u00eb tij n\u00eb debatet e zhvilluara n\u00eb Kuvendin e Kosov\u00ebs, ku \u00ebsht\u00eb aluduar p\u00ebr lidhje t\u00eb mundshme politike t\u00eb nj\u00eb deputeteje me rrjetin farmaceutik.<\/p>\n<p>Zeqiri ka theksuar se Riga Pharm \u00ebsht\u00eb v\u00ebn\u00eb padrejt\u00ebsisht n\u00eb qend\u00ebr t\u00eb v\u00ebmendjes politike, duke u p\u00ebrfshir\u00eb n\u00eb diskutime q\u00eb sipas tij nuk kan\u00eb baz\u00eb dhe d\u00ebmtojn\u00eb imazhin e nj\u00eb kompanie q\u00eb, si\u00e7 thot\u00eb ai, \u00ebsht\u00eb nd\u00ebrtuar me pun\u00eb dhe sakrific\u00eb nd\u00ebr vite.<\/p>\n<p>Ai shton se kompania \u00ebsht\u00eb b\u00ebr\u00eb nj\u00eb nga m\u00eb t\u00eb p\u00ebrfolurat n\u00eb vend gjat\u00eb jav\u00ebve t\u00eb fundit, pa asnj\u00eb investim n\u00eb marketing, duke l\u00ebn\u00eb t\u00eb kuptohet se v\u00ebmendja publike \u00ebsht\u00eb krijuar n\u00eb m\u00ebnyr\u00eb t\u00eb pavullnetshme.<\/p>\n<p>Sipas Zeqirit, Riga Pharm \u00ebsht\u00eb nj\u00eb biznes q\u00eb mban dhjet\u00ebra familje p\u00ebrmes vendeve t\u00eb pun\u00ebs dhe operon me standarde t\u00eb larta n\u00eb treg, nd\u00ebrsa p\u00ebrdorimi i saj n\u00eb p\u00ebrplasje politike \u00ebsht\u00eb i papranuesh\u00ebm.<\/p>\n<p>Reagimi i plot\u00eb i Veton Zeqirit:<\/p>\n<p>\u201cT\u00eb tjer\u00ebt paguajn\u00eb p\u00ebr v\u00ebmendje, ne po e marrim falas nga tregu.<br \/>\nNe vazhdojm\u00eb fokusin te standardi dhe operimi!\u201d<\/p>\n<p>Reagimi i tij vjen n\u00eb nj\u00eb koh\u00eb kur debati publik rreth sektorit farmaceutik dhe lidhjeve t\u00eb mundshme politike ka marr\u00eb v\u00ebmendje t\u00eb shtuar n\u00eb sken\u00ebn politike n\u00eb Kosov\u00eb.<\/p>\n","protected":false},"excerpt":{"rendered":"<p>Pronari i kompanis\u00eb farmaceutike Riga Pharm, Veton Zeqiri, ka reaguar publikisht pas p\u00ebrmendjes s\u00eb fundit t\u00eb kompanis\u00eb s\u00eb tij n\u00eb debatet e zhvilluara n\u00eb Kuvendin e Kosov\u00ebs, ku \u00ebsht\u00eb aluduar p\u00ebr lidhje t\u00eb mundshme politike t\u00eb nj\u00eb deputeteje me rrjetin farmaceutik. Zeqiri ka theksuar se Riga Pharm \u00ebsht\u00eb v\u00ebn\u00eb padrejt\u00ebsisht n\u00eb qend\u00ebr t\u00eb v\u00ebmendjes politike, [&hellip;]<\/p>\n","protected":false},"author":1,"featured_media":232670,"comment_status":"closed","ping_status":"closed","sticky":false,"template":"","format":"standard","meta":{"footnotes":""},"categories":[5],"tags":[],"class_list":{"0":"post-232669","1":"post","2":"type-post","3":"status-publish","4":"format-standard","5":"has-post-thumbnail","7":"category-lajme"},"_links":{"self":[{"href":"https:\/\/radiostargjilan.com\/web\/wp-json\/wp\/v2\/posts\/232669","targetHints":{"allow":["GET"]}}],"collection":[{"href":"https:\/\/radiostargjilan.com\/web\/wp-json\/wp\/v2\/posts"}],"about":[{"href":"https:\/\/radiostargjilan.com\/web\/wp-json\/wp\/v2\/types\/post"}],"author":[{"embeddable":true,"href":"https:\/\/radiostargjilan.com\/web\/wp-json\/wp\/v2\/users\/1"}],"replies":[{"embeddable":true,"href":"https:\/\/radiostargjilan.com\/web\/wp-json\/wp\/v2\/comments?post=232669"}],"version-history":[{"count":1,"href":"https:\/\/radiostargjilan.com\/web\/wp-json\/wp\/v2\/posts\/232669\/revisions"}],"predecessor-version":[{"id":232671,"href":"https:\/\/radiostargjilan.com\/web\/wp-json\/wp\/v2\/posts\/232669\/revisions\/232671"}],"wp:featuredmedia":[{"embeddable":true,"href":"https:\/\/radiostargjilan.com\/web\/wp-json\/wp\/v2\/media\/232670"}],"wp:attachment":[{"href":"https:\/\/radiostargjilan.com\/web\/wp-json\/wp\/v2\/media?parent=232669"}],"wp:term":[{"taxonomy":"category","embeddable":true,"href":"https:\/\/radiostargjilan.com\/web\/wp-json\/wp\/v2\/categories?post=232669"},{"taxonomy":"post_tag","embeddable":true,"href":"https:\/\/radiostargjilan.com\/web\/wp-json\/wp\/v2\/tags?post=232669"}],"curies":[{"name":"wp","href":"https:\/\/api.w.org\/{rel}","templated":true}]}}