{"id":232672,"date":"2026-04-27T11:18:50","date_gmt":"2026-04-27T09:18:50","guid":{"rendered":"https:\/\/radiostargjilan.com\/web\/?p=232672"},"modified":"2026-04-27T11:18:50","modified_gmt":"2026-04-27T09:18:50","slug":"afati-kushtetues-po-afron-albin-kurti-pa-pergjigje-per-osmanin","status":"publish","type":"post","link":"https:\/\/radiostargjilan.com\/web\/afati-kushtetues-po-afron-albin-kurti-pa-pergjigje-per-osmanin\/","title":{"rendered":"Afati kushtetues po afron, Albin Kurti pa p\u00ebrgjigje p\u00ebr Osmanin"},"content":{"rendered":"<p>Kryeministri i Kosov\u00ebs, Albin Kurti, nuk \u00ebsht\u00eb p\u00ebrgjigjur n\u00eb pyetjen n\u00ebse do ta pranoj\u00eb Vjosa Osmanin si kandidate p\u00ebr presidente.<\/p>\n<p>Ai vazhdoi p\u00ebr n\u00eb seanc\u00ebn q\u00eb ishte parapar\u00eb n\u00eb shenj\u00eb nderimi p\u00ebr Rexhep Qosjen.<\/p>\n<p>Nd\u00ebrkaq, nes\u00ebr \u00ebsht\u00eb afati p\u00ebrfundimtar kushtetues p\u00ebr zgjedhjen e presidentit.<\/p>\n<p>T\u00eb shtun\u00ebn pas seanc\u00ebs s\u00eb Kuvendit, Lumir Abdixhiku, Kryetari i Lidhjes Demokratike t\u00eb Kosov\u00ebs (LDK), ka folur p\u00ebr zhvillimet politike lidhur me procesin e zgjedhjes s\u00eb presidentit, duke p\u00ebrmendur edhe mund\u00ebsin\u00eb e p\u00ebrfshirjes s\u00eb emrit t\u00eb Vjosa Osmanit n\u00eb diskutime.<\/p>\n<p>\u201cLDK mund t\u00eb propozoj\u00eb edhe emra, s\u2019kemi nevoj\u00eb me i propozu tre, e propozojm\u00eb nj\u00eb. Mundet me qen\u00eb edhe Vjosa Osmani, por le t\u00eb na tregon ai a i ka 66 vota p\u00ebr k\u00ebt\u00eb president, por njeh\u00ebr\u00eb duhet t\u00eb vendos\u00eb a d\u00ebshiron marr\u00ebvehsje me ne, apo 90 vota e 90 vota me ne nuk i ka\u201d- deklaroi Abdixhiku para gazetar\u00ebve.<\/p>\n","protected":false},"excerpt":{"rendered":"<p>Kryeministri i Kosov\u00ebs, Albin Kurti, nuk \u00ebsht\u00eb p\u00ebrgjigjur n\u00eb pyetjen n\u00ebse do ta pranoj\u00eb Vjosa Osmanin si kandidate p\u00ebr presidente. Ai vazhdoi p\u00ebr n\u00eb seanc\u00ebn q\u00eb ishte parapar\u00eb n\u00eb shenj\u00eb nderimi p\u00ebr Rexhep Qosjen. Nd\u00ebrkaq, nes\u00ebr \u00ebsht\u00eb afati p\u00ebrfundimtar kushtetues p\u00ebr zgjedhjen e presidentit. T\u00eb shtun\u00ebn pas seanc\u00ebs s\u00eb Kuvendit, Lumir Abdixhiku, Kryetari i Lidhjes [&hellip;]<\/p>\n","protected":false},"author":1,"featured_media":232673,"comment_status":"closed","ping_status":"closed","sticky":false,"template":"","format":"standard","meta":{"footnotes":""},"categories":[5],"tags":[],"class_list":{"0":"post-232672","1":"post","2":"type-post","3":"status-publish","4":"format-standard","5":"has-post-thumbnail","7":"category-lajme"},"_links":{"self":[{"href":"https:\/\/radiostargjilan.com\/web\/wp-json\/wp\/v2\/posts\/232672","targetHints":{"allow":["GET"]}}],"collection":[{"href":"https:\/\/radiostargjilan.com\/web\/wp-json\/wp\/v2\/posts"}],"about":[{"href":"https:\/\/radiostargjilan.com\/web\/wp-json\/wp\/v2\/types\/post"}],"author":[{"embeddable":true,"href":"https:\/\/radiostargjilan.com\/web\/wp-json\/wp\/v2\/users\/1"}],"replies":[{"embeddable":true,"href":"https:\/\/radiostargjilan.com\/web\/wp-json\/wp\/v2\/comments?post=232672"}],"version-history":[{"count":1,"href":"https:\/\/radiostargjilan.com\/web\/wp-json\/wp\/v2\/posts\/232672\/revisions"}],"predecessor-version":[{"id":232674,"href":"https:\/\/radiostargjilan.com\/web\/wp-json\/wp\/v2\/posts\/232672\/revisions\/232674"}],"wp:featuredmedia":[{"embeddable":true,"href":"https:\/\/radiostargjilan.com\/web\/wp-json\/wp\/v2\/media\/232673"}],"wp:attachment":[{"href":"https:\/\/radiostargjilan.com\/web\/wp-json\/wp\/v2\/media?parent=232672"}],"wp:term":[{"taxonomy":"category","embeddable":true,"href":"https:\/\/radiostargjilan.com\/web\/wp-json\/wp\/v2\/categories?post=232672"},{"taxonomy":"post_tag","embeddable":true,"href":"https:\/\/radiostargjilan.com\/web\/wp-json\/wp\/v2\/tags?post=232672"}],"curies":[{"name":"wp","href":"https:\/\/api.w.org\/{rel}","templated":true}]}}