{"id":232676,"date":"2026-04-27T13:25:53","date_gmt":"2026-04-27T11:25:53","guid":{"rendered":"https:\/\/radiostargjilan.com\/web\/?p=232676"},"modified":"2026-04-27T13:25:53","modified_gmt":"2026-04-27T11:25:53","slug":"qytetarja-ne-meje-i-drejtohet-osmanit-luaneshe-ibrahim-rugova-i-dyte","status":"publish","type":"post","link":"https:\/\/radiostargjilan.com\/web\/qytetarja-ne-meje-i-drejtohet-osmanit-luaneshe-ibrahim-rugova-i-dyte\/","title":{"rendered":"Qytetarja n\u00eb Mej\u00eb i drejtohet Osmanit: Luanesh\u00eb, Ibrahim Rugova i dyt\u00eb"},"content":{"rendered":"<p>Ish-presidentja e Kosov\u00ebs, Vjosa Osmani, \u00ebsht\u00eb pritur me nj\u00eb p\u00ebrsh\u00ebndetje t\u00eb p\u00ebrzem\u00ebrt nga nj\u00eb qytetare n\u00eb Mej\u00eb t\u00eb Gjakov\u00ebs.<\/p>\n<p>Teksa Osmani ka shkuar p\u00ebr homazhe n\u00eb Kompleksin Memorial n\u00eb Mej\u00eb, nj\u00eb qytetare e ka p\u00ebrsh\u00ebndetur me fjal\u00ebt<\/p>\n<p>\u201cMir\u00eb se erdhe, Luanesh\u00eb, Ibrahim Rugova i dyt\u00eb, t\u00eb pa\u00e7im gjithmon\u00eb o Zot. Ti na qitsh mundin n\u2019drit\u00eb\u201d, i tha ajo.<\/p>\n<p>Osmani ndodhet n\u00eb Mej\u00eb p\u00ebr t\u00eb nderuar viktimat e k\u00ebsaj dite. \/Klankosova\/<\/p>\n","protected":false},"excerpt":{"rendered":"<p>Ish-presidentja e Kosov\u00ebs, Vjosa Osmani, \u00ebsht\u00eb pritur me nj\u00eb p\u00ebrsh\u00ebndetje t\u00eb p\u00ebrzem\u00ebrt nga nj\u00eb qytetare n\u00eb Mej\u00eb t\u00eb Gjakov\u00ebs. Teksa Osmani ka shkuar p\u00ebr homazhe n\u00eb Kompleksin Memorial n\u00eb Mej\u00eb, nj\u00eb qytetare e ka p\u00ebrsh\u00ebndetur me fjal\u00ebt \u201cMir\u00eb se erdhe, Luanesh\u00eb, Ibrahim Rugova i dyt\u00eb, t\u00eb pa\u00e7im gjithmon\u00eb o Zot. Ti na qitsh mundin n\u2019drit\u00eb\u201d, [&hellip;]<\/p>\n","protected":false},"author":1,"featured_media":232678,"comment_status":"closed","ping_status":"closed","sticky":false,"template":"","format":"standard","meta":{"footnotes":""},"categories":[5],"tags":[],"class_list":{"0":"post-232676","1":"post","2":"type-post","3":"status-publish","4":"format-standard","5":"has-post-thumbnail","7":"category-lajme"},"_links":{"self":[{"href":"https:\/\/radiostargjilan.com\/web\/wp-json\/wp\/v2\/posts\/232676","targetHints":{"allow":["GET"]}}],"collection":[{"href":"https:\/\/radiostargjilan.com\/web\/wp-json\/wp\/v2\/posts"}],"about":[{"href":"https:\/\/radiostargjilan.com\/web\/wp-json\/wp\/v2\/types\/post"}],"author":[{"embeddable":true,"href":"https:\/\/radiostargjilan.com\/web\/wp-json\/wp\/v2\/users\/1"}],"replies":[{"embeddable":true,"href":"https:\/\/radiostargjilan.com\/web\/wp-json\/wp\/v2\/comments?post=232676"}],"version-history":[{"count":1,"href":"https:\/\/radiostargjilan.com\/web\/wp-json\/wp\/v2\/posts\/232676\/revisions"}],"predecessor-version":[{"id":232679,"href":"https:\/\/radiostargjilan.com\/web\/wp-json\/wp\/v2\/posts\/232676\/revisions\/232679"}],"wp:featuredmedia":[{"embeddable":true,"href":"https:\/\/radiostargjilan.com\/web\/wp-json\/wp\/v2\/media\/232678"}],"wp:attachment":[{"href":"https:\/\/radiostargjilan.com\/web\/wp-json\/wp\/v2\/media?parent=232676"}],"wp:term":[{"taxonomy":"category","embeddable":true,"href":"https:\/\/radiostargjilan.com\/web\/wp-json\/wp\/v2\/categories?post=232676"},{"taxonomy":"post_tag","embeddable":true,"href":"https:\/\/radiostargjilan.com\/web\/wp-json\/wp\/v2\/tags?post=232676"}],"curies":[{"name":"wp","href":"https:\/\/api.w.org\/{rel}","templated":true}]}}