{"id":232683,"date":"2026-04-27T14:45:53","date_gmt":"2026-04-27T12:45:53","guid":{"rendered":"https:\/\/radiostargjilan.com\/web\/?p=232683"},"modified":"2026-04-27T14:45:53","modified_gmt":"2026-04-27T12:45:53","slug":"sot-do-mbahet-seanca-per-president-ora-1700","status":"publish","type":"post","link":"https:\/\/radiostargjilan.com\/web\/sot-do-mbahet-seanca-per-president-ora-1700\/","title":{"rendered":"Sot do mbahet seanca p\u00ebr President ora 17:00"},"content":{"rendered":"<p>Kryetarja e Parlamentit dhe nj\u00ebher\u00ebsh ushtruesja e detyr\u00ebs s\u00eb presidentes, Albulena Haxhiu, ka paralajm\u00ebruar se gjat\u00eb dit\u00ebs s\u00eb sotme do t\u00eb mbahet seanc\u00eb lidhur me \u00e7\u00ebshtjen e presidentit,shkruan Gazeta Metro.<\/p>\n<p>Haxhiu ka thirrur seanc\u00ebn e jasht\u00ebzakonshme p\u00ebr zgjedhjen e Presidentit t\u00eb Kosov\u00ebs, , me fillim nga ora 17:00.<\/p>\n<p>\u201cSeanca e jasht\u00ebzakonshme plenare e Kuvendit do t\u00eb mbahet t\u00eb h\u00ebn\u00ebn, m\u00eb 27.04.2026, n\u00eb or\u00ebn 17:00, n\u00eb sall\u00ebn e Kuvendit. Ftohen t\u00eb gjith\u00eb deputet\u00ebt e Kuvendit. Rendi i dit\u00ebs \u00ebsht\u00eb i bashk\u00ebngjitur.\u201d<\/p>\n<p>Megjithat\u00eb, partit\u00eb opozitare than\u00eb se nuk kan\u00eb marr\u00eb asnj\u00eb njoftim apo informacion p\u00ebr mbajtjen e nj\u00eb seance t\u00eb till\u00eb.<\/p>\n<p>Deputeti i AAK-s\u00eb, Besnik Tahiri, deklaroi se nuk kan\u00eb pasur asnj\u00eb komunikim zyrtar lidhur me k\u00ebt\u00eb \u00e7\u00ebshtje.<\/p>\n<p>Nj\u00ebjt\u00eb deputetja e PDK-s\u00eb, Ganimete Musliu, e cila u shpreh prerazi; \u201cnuk ka seanc\u00eb p\u00ebr presidentin\u201d.\/gazetametro.net\/<\/p>\n","protected":false},"excerpt":{"rendered":"<p>Kryetarja e Parlamentit dhe nj\u00ebher\u00ebsh ushtruesja e detyr\u00ebs s\u00eb presidentes, Albulena Haxhiu, ka paralajm\u00ebruar se gjat\u00eb dit\u00ebs s\u00eb sotme do t\u00eb mbahet seanc\u00eb lidhur me \u00e7\u00ebshtjen e presidentit,shkruan Gazeta Metro. Haxhiu ka thirrur seanc\u00ebn e jasht\u00ebzakonshme p\u00ebr zgjedhjen e Presidentit t\u00eb Kosov\u00ebs, , me fillim nga ora 17:00. \u201cSeanca e jasht\u00ebzakonshme plenare e Kuvendit do [&hellip;]<\/p>\n","protected":false},"author":1,"featured_media":232491,"comment_status":"closed","ping_status":"closed","sticky":false,"template":"","format":"standard","meta":{"footnotes":""},"categories":[5],"tags":[],"class_list":{"0":"post-232683","1":"post","2":"type-post","3":"status-publish","4":"format-standard","5":"has-post-thumbnail","7":"category-lajme"},"_links":{"self":[{"href":"https:\/\/radiostargjilan.com\/web\/wp-json\/wp\/v2\/posts\/232683","targetHints":{"allow":["GET"]}}],"collection":[{"href":"https:\/\/radiostargjilan.com\/web\/wp-json\/wp\/v2\/posts"}],"about":[{"href":"https:\/\/radiostargjilan.com\/web\/wp-json\/wp\/v2\/types\/post"}],"author":[{"embeddable":true,"href":"https:\/\/radiostargjilan.com\/web\/wp-json\/wp\/v2\/users\/1"}],"replies":[{"embeddable":true,"href":"https:\/\/radiostargjilan.com\/web\/wp-json\/wp\/v2\/comments?post=232683"}],"version-history":[{"count":1,"href":"https:\/\/radiostargjilan.com\/web\/wp-json\/wp\/v2\/posts\/232683\/revisions"}],"predecessor-version":[{"id":232684,"href":"https:\/\/radiostargjilan.com\/web\/wp-json\/wp\/v2\/posts\/232683\/revisions\/232684"}],"wp:featuredmedia":[{"embeddable":true,"href":"https:\/\/radiostargjilan.com\/web\/wp-json\/wp\/v2\/media\/232491"}],"wp:attachment":[{"href":"https:\/\/radiostargjilan.com\/web\/wp-json\/wp\/v2\/media?parent=232683"}],"wp:term":[{"taxonomy":"category","embeddable":true,"href":"https:\/\/radiostargjilan.com\/web\/wp-json\/wp\/v2\/categories?post=232683"},{"taxonomy":"post_tag","embeddable":true,"href":"https:\/\/radiostargjilan.com\/web\/wp-json\/wp\/v2\/tags?post=232683"}],"curies":[{"name":"wp","href":"https:\/\/api.w.org\/{rel}","templated":true}]}}