{"id":232693,"date":"2026-04-27T15:20:51","date_gmt":"2026-04-27T13:20:51","guid":{"rendered":"https:\/\/radiostargjilan.com\/web\/?p=232693"},"modified":"2026-04-27T15:20:51","modified_gmt":"2026-04-27T13:20:51","slug":"kryetari-hyseni-ne-qkmf-uron-drejtorin-e-zgjedhur-basri-kamberi","status":"publish","type":"post","link":"https:\/\/radiostargjilan.com\/web\/kryetari-hyseni-ne-qkmf-uron-drejtorin-e-zgjedhur-basri-kamberi\/","title":{"rendered":"Kryetari Hyseni n\u00eb QKMF, uron drejtorin e zgjedhur, Basri Kamberi"},"content":{"rendered":"<p>Kryetari i Komun\u00ebs s\u00eb Gjilanit, Alban Hyseni, bashk\u00eb me drejtoresh\u00ebn p\u00ebr Sh\u00ebndet\u00ebsi dhe Mir\u00ebqenie Sociale, Mimoza Kadriu-Qerimi, vizituan Qendr\u00ebn Kryesore t\u00eb Mjek\u00ebsis\u00eb Familjare n\u00eb Gjilan. <\/p>\n<p>I pari i komun\u00ebs, tregoi se me k\u00ebt\u00eb rast, i uruan suksese Dr. Basri Kamberi p\u00ebr p\u00ebrzgjedhjen e tij n\u00eb pozit\u00ebn e drejtorit t\u00eb QKMF-s\u00eb. <\/p>\n<p>\u201cJemi t\u00eb bindur se me profesionalizmin dhe p\u00ebrkushtimin e tij, ky institucion do t\u00eb vazhdoj\u00eb t\u00eb zhvillohet edhe m\u00eb tutje\u201d, tha Alban Hyseni.<\/p>\n<p>Kryetari i Gjilanit, theksoi se gjat\u00eb k\u00ebsaj vizite, u zotuan se do t\u00eb vazhdojn\u00eb t\u00eb shtyjn\u00eb p\u00ebrpara politikat tona t\u00eb sh\u00ebndet\u00ebsis\u00eb p\u00ebr t\u00eb ofruar sh\u00ebrbime sa m\u00eb t\u00eb mira dhe cil\u00ebsore p\u00ebr t\u00eb gjith\u00eb qytetar\u00ebt. <\/p>\n<p>\u201cPun\u00eb t\u00eb mbar\u00eb dhe shum\u00eb suksese drejtorit t\u00eb ri dhe gjith\u00eb personelit sh\u00ebndet\u00ebsor\u201d, tha kryetari Hyseni.<\/p>\n","protected":false},"excerpt":{"rendered":"<p>Kryetari i Komun\u00ebs s\u00eb Gjilanit, Alban Hyseni, bashk\u00eb me drejtoresh\u00ebn p\u00ebr Sh\u00ebndet\u00ebsi dhe Mir\u00ebqenie Sociale, Mimoza Kadriu-Qerimi, vizituan Qendr\u00ebn Kryesore t\u00eb Mjek\u00ebsis\u00eb Familjare n\u00eb Gjilan. I pari i komun\u00ebs, tregoi se me k\u00ebt\u00eb rast, i uruan suksese Dr. Basri Kamberi p\u00ebr p\u00ebrzgjedhjen e tij n\u00eb pozit\u00ebn e drejtorit t\u00eb QKMF-s\u00eb. \u201cJemi t\u00eb bindur se me [&hellip;]<\/p>\n","protected":false},"author":1,"featured_media":232694,"comment_status":"closed","ping_status":"closed","sticky":false,"template":"","format":"standard","meta":{"footnotes":""},"categories":[5],"tags":[],"class_list":{"0":"post-232693","1":"post","2":"type-post","3":"status-publish","4":"format-standard","5":"has-post-thumbnail","7":"category-lajme"},"_links":{"self":[{"href":"https:\/\/radiostargjilan.com\/web\/wp-json\/wp\/v2\/posts\/232693","targetHints":{"allow":["GET"]}}],"collection":[{"href":"https:\/\/radiostargjilan.com\/web\/wp-json\/wp\/v2\/posts"}],"about":[{"href":"https:\/\/radiostargjilan.com\/web\/wp-json\/wp\/v2\/types\/post"}],"author":[{"embeddable":true,"href":"https:\/\/radiostargjilan.com\/web\/wp-json\/wp\/v2\/users\/1"}],"replies":[{"embeddable":true,"href":"https:\/\/radiostargjilan.com\/web\/wp-json\/wp\/v2\/comments?post=232693"}],"version-history":[{"count":1,"href":"https:\/\/radiostargjilan.com\/web\/wp-json\/wp\/v2\/posts\/232693\/revisions"}],"predecessor-version":[{"id":232695,"href":"https:\/\/radiostargjilan.com\/web\/wp-json\/wp\/v2\/posts\/232693\/revisions\/232695"}],"wp:featuredmedia":[{"embeddable":true,"href":"https:\/\/radiostargjilan.com\/web\/wp-json\/wp\/v2\/media\/232694"}],"wp:attachment":[{"href":"https:\/\/radiostargjilan.com\/web\/wp-json\/wp\/v2\/media?parent=232693"}],"wp:term":[{"taxonomy":"category","embeddable":true,"href":"https:\/\/radiostargjilan.com\/web\/wp-json\/wp\/v2\/categories?post=232693"},{"taxonomy":"post_tag","embeddable":true,"href":"https:\/\/radiostargjilan.com\/web\/wp-json\/wp\/v2\/tags?post=232693"}],"curies":[{"name":"wp","href":"https:\/\/api.w.org\/{rel}","templated":true}]}}