{"id":232697,"date":"2026-04-27T15:54:18","date_gmt":"2026-04-27T13:54:18","guid":{"rendered":"https:\/\/radiostargjilan.com\/web\/?p=232697"},"modified":"2026-04-27T15:55:29","modified_gmt":"2026-04-27T13:55:29","slug":"alban-hyseni-e-leshon-doren-nga-100-euro-per-nenat-lehona-per-vitin-2026","status":"publish","type":"post","link":"https:\/\/radiostargjilan.com\/web\/alban-hyseni-e-leshon-doren-nga-100-euro-per-nenat-lehona-per-vitin-2026\/","title":{"rendered":"Alban Hyseni \u201ce l\u00ebshon dor\u00ebn\u201d: nga 100 euro p\u00ebr n\u00ebnat lehona p\u00ebr vitin 2026"},"content":{"rendered":"<p>Komuna e Gjilanit, ka vendosur t\u00eb mb\u00ebshtes n\u00ebnat lehona p\u00ebr f\u00ebmij\u00ebt e lindur gjat\u00eb k\u00ebtij viti.<\/p>\n<p>\u201cDrejtoria e Sh\u00ebndet\u00ebsis\u00eb dhe Mir\u00ebqenies Sociale, me vendim t\u00eb kryetarit t\u00eb Komun\u00ebs s\u00eb Gjilanit, Alban Hyseni, hap thirrjen p\u00ebr subvencionimin e lehonave p\u00ebr vitin 2026. <\/p>\n<p>Drejtoresha p\u00ebr Sh\u00ebndet\u00ebsi dhe Mir\u00ebqenie Sociale, Mimoza Kadriu Qerimi. fton t\u00eb gjitha lehonat q\u00eb plot\u00ebsojn\u00eb kriteret e p\u00ebrcaktuara t\u00eb aplikojn\u00eb duke dor\u00ebzuar dokumentacionin e nevojsh\u00ebm sipas kushteve t\u00eb shpallura n\u00eb thirrje.<\/p>\n<p>Aplikimi b\u00ebhet n\u00eb Qendr\u00ebn p\u00ebr Sh\u00ebrbim me Qytetar\u00eb, nd\u00ebrsa dokumentacioni i nevojsh\u00ebm \u00ebsht\u00eb p\u00ebrcaktuar n\u00eb vendimin sipas shpalljes publike.<\/p>\n<p>\u201cKjo po b\u00ebhet me q\u00ebllim t\u00eb mb\u00ebshtetjes s\u00eb n\u00ebnave lehona me nga 100 euro p\u00ebr \u00e7do lindje t\u00eb f\u00ebmij\u00ebve p\u00ebr vitin 2026\u201d, tha Mimoza Kadriu.<\/p>\n<p>Sipas saj kjo po b\u00ebhet p\u00ebr t\u00eb gjith\u00eb f\u00ebmij\u00ebt e lindur nga data 01 janar-31 dhjetor  2026 e tutje. <\/p>\n<p>Por kjo mb\u00ebshtetje nuk vlen edhe p\u00ebr f\u00ebmij\u00ebt e lindur jasht\u00eb Kosov\u00ebs.<\/p>\n","protected":false},"excerpt":{"rendered":"<p>Komuna e Gjilanit, ka vendosur t\u00eb mb\u00ebshtes n\u00ebnat lehona p\u00ebr f\u00ebmij\u00ebt e lindur gjat\u00eb k\u00ebtij viti. \u201cDrejtoria e Sh\u00ebndet\u00ebsis\u00eb dhe Mir\u00ebqenies Sociale, me vendim t\u00eb kryetarit t\u00eb Komun\u00ebs s\u00eb Gjilanit, Alban Hyseni, hap thirrjen p\u00ebr subvencionimin e lehonave p\u00ebr vitin 2026. Drejtoresha p\u00ebr Sh\u00ebndet\u00ebsi dhe Mir\u00ebqenie Sociale, Mimoza Kadriu Qerimi. fton t\u00eb gjitha lehonat q\u00eb [&hellip;]<\/p>\n","protected":false},"author":1,"featured_media":232698,"comment_status":"closed","ping_status":"closed","sticky":false,"template":"","format":"standard","meta":{"footnotes":""},"categories":[5],"tags":[],"class_list":{"0":"post-232697","1":"post","2":"type-post","3":"status-publish","4":"format-standard","5":"has-post-thumbnail","7":"category-lajme"},"_links":{"self":[{"href":"https:\/\/radiostargjilan.com\/web\/wp-json\/wp\/v2\/posts\/232697","targetHints":{"allow":["GET"]}}],"collection":[{"href":"https:\/\/radiostargjilan.com\/web\/wp-json\/wp\/v2\/posts"}],"about":[{"href":"https:\/\/radiostargjilan.com\/web\/wp-json\/wp\/v2\/types\/post"}],"author":[{"embeddable":true,"href":"https:\/\/radiostargjilan.com\/web\/wp-json\/wp\/v2\/users\/1"}],"replies":[{"embeddable":true,"href":"https:\/\/radiostargjilan.com\/web\/wp-json\/wp\/v2\/comments?post=232697"}],"version-history":[{"count":1,"href":"https:\/\/radiostargjilan.com\/web\/wp-json\/wp\/v2\/posts\/232697\/revisions"}],"predecessor-version":[{"id":232700,"href":"https:\/\/radiostargjilan.com\/web\/wp-json\/wp\/v2\/posts\/232697\/revisions\/232700"}],"wp:featuredmedia":[{"embeddable":true,"href":"https:\/\/radiostargjilan.com\/web\/wp-json\/wp\/v2\/media\/232698"}],"wp:attachment":[{"href":"https:\/\/radiostargjilan.com\/web\/wp-json\/wp\/v2\/media?parent=232697"}],"wp:term":[{"taxonomy":"category","embeddable":true,"href":"https:\/\/radiostargjilan.com\/web\/wp-json\/wp\/v2\/categories?post=232697"},{"taxonomy":"post_tag","embeddable":true,"href":"https:\/\/radiostargjilan.com\/web\/wp-json\/wp\/v2\/tags?post=232697"}],"curies":[{"name":"wp","href":"https:\/\/api.w.org\/{rel}","templated":true}]}}