{"id":232701,"date":"2026-04-27T18:42:15","date_gmt":"2026-04-27T16:42:15","guid":{"rendered":"https:\/\/radiostargjilan.com\/web\/?p=232701"},"modified":"2026-04-27T18:42:55","modified_gmt":"2026-04-27T16:42:55","slug":"sonte-ne-ora-2100-pritet-seanca-per-votimin-e-presidentit","status":"publish","type":"post","link":"https:\/\/radiostargjilan.com\/web\/sonte-ne-ora-2100-pritet-seanca-per-votimin-e-presidentit\/","title":{"rendered":"Seanca p\u00ebr zgjedhjen e presidentit zhvillohet sonte n\u00eb or\u00ebn 21:00, n\u00eb pritje t\u00eb votimit final"},"content":{"rendered":"<p>Burime nga Kanal 10 b\u00ebjn\u00eb t\u00eb ditur se sonte, rreth or\u00ebs 21:00, pritet t\u00eb mbahet seanca p\u00ebr votimin e presidentit.<\/p>\n<p>Sipas k\u00ebtyre burimeve, seanca q\u00eb po zhvillohet aktualisht nuk ka karakter vendimmarr\u00ebs, por \u00ebsht\u00eb e fokusuar n\u00eb diskutimet nd\u00ebrmjet deputet\u00ebve lidhur me procesin e zgjedhjes s\u00eb presidentit.<\/p>\n<p>M\u00ebsohet se gjat\u00eb k\u00ebsaj mbledhjeje po shqyrtohen q\u00ebndrimet e grupeve parlamentare dhe mund\u00ebsit\u00eb p\u00ebr arritjen e nj\u00eb marr\u00ebveshjeje, n\u00eb m\u00ebnyr\u00eb q\u00eb n\u00eb mbr\u00ebmje t\u00eb procedohet me votim.<\/p>\n<p>Ende nuk ka konfirmim zyrtar p\u00ebr rendin e dit\u00ebs s\u00eb seanc\u00ebs s\u00eb or\u00ebs 21:00, nd\u00ebrsa mbetet t\u00eb shihet n\u00ebse do t\u00eb ket\u00eb konsensus t\u00eb mjaftuesh\u00ebm p\u00ebr zgjedhjen e presidentit.<\/p>\n","protected":false},"excerpt":{"rendered":"<p>Burime nga Kanal 10 b\u00ebjn\u00eb t\u00eb ditur se sonte, rreth or\u00ebs 21:00, pritet t\u00eb mbahet seanca p\u00ebr votimin e presidentit. Sipas k\u00ebtyre burimeve, seanca q\u00eb po zhvillohet aktualisht nuk ka karakter vendimmarr\u00ebs, por \u00ebsht\u00eb e fokusuar n\u00eb diskutimet nd\u00ebrmjet deputet\u00ebve lidhur me procesin e zgjedhjes s\u00eb presidentit. M\u00ebsohet se gjat\u00eb k\u00ebsaj mbledhjeje po shqyrtohen q\u00ebndrimet [&hellip;]<\/p>\n","protected":false},"author":1,"featured_media":232702,"comment_status":"closed","ping_status":"closed","sticky":false,"template":"","format":"standard","meta":{"footnotes":""},"categories":[5],"tags":[],"class_list":{"0":"post-232701","1":"post","2":"type-post","3":"status-publish","4":"format-standard","5":"has-post-thumbnail","7":"category-lajme"},"_links":{"self":[{"href":"https:\/\/radiostargjilan.com\/web\/wp-json\/wp\/v2\/posts\/232701","targetHints":{"allow":["GET"]}}],"collection":[{"href":"https:\/\/radiostargjilan.com\/web\/wp-json\/wp\/v2\/posts"}],"about":[{"href":"https:\/\/radiostargjilan.com\/web\/wp-json\/wp\/v2\/types\/post"}],"author":[{"embeddable":true,"href":"https:\/\/radiostargjilan.com\/web\/wp-json\/wp\/v2\/users\/1"}],"replies":[{"embeddable":true,"href":"https:\/\/radiostargjilan.com\/web\/wp-json\/wp\/v2\/comments?post=232701"}],"version-history":[{"count":1,"href":"https:\/\/radiostargjilan.com\/web\/wp-json\/wp\/v2\/posts\/232701\/revisions"}],"predecessor-version":[{"id":232704,"href":"https:\/\/radiostargjilan.com\/web\/wp-json\/wp\/v2\/posts\/232701\/revisions\/232704"}],"wp:featuredmedia":[{"embeddable":true,"href":"https:\/\/radiostargjilan.com\/web\/wp-json\/wp\/v2\/media\/232702"}],"wp:attachment":[{"href":"https:\/\/radiostargjilan.com\/web\/wp-json\/wp\/v2\/media?parent=232701"}],"wp:term":[{"taxonomy":"category","embeddable":true,"href":"https:\/\/radiostargjilan.com\/web\/wp-json\/wp\/v2\/categories?post=232701"},{"taxonomy":"post_tag","embeddable":true,"href":"https:\/\/radiostargjilan.com\/web\/wp-json\/wp\/v2\/tags?post=232701"}],"curies":[{"name":"wp","href":"https:\/\/api.w.org\/{rel}","templated":true}]}}