{"id":232706,"date":"2026-04-27T19:30:39","date_gmt":"2026-04-27T17:30:39","guid":{"rendered":"https:\/\/radiostargjilan.com\/web\/?p=232706"},"modified":"2026-04-27T19:30:39","modified_gmt":"2026-04-27T17:30:39","slug":"konjufca-e-mulhaxha-kollcaku-terheqin-kandidaturat-per-president","status":"publish","type":"post","link":"https:\/\/radiostargjilan.com\/web\/konjufca-e-mulhaxha-kollcaku-terheqin-kandidaturat-per-president\/","title":{"rendered":"Konjufca e Mulhaxha-Koll\u00e7aku t\u00ebrheqin kandidaturat p\u00ebr president"},"content":{"rendered":"<p>Z\u00ebvend\u00ebskryeministri i Kosov\u00ebs, Glauk Konjufca, n\u00eb fjal\u00ebn e tij n\u00eb seanc\u00ebn e jasht\u00ebzakonshme t\u00eb Kuvendit t\u00eb Kosov\u00ebs, ka th\u00ebn\u00eb se t\u00ebrhiqet nga kandidatura p\u00ebr president.<\/p>\n<p>\u201cUn\u00eb t\u00ebrhiqem nga kandidatura p\u00ebr president t\u00eb Republik\u00ebs s\u00eb Kosov\u00ebs\u201d, tha ai.<br \/>\nPas tij fjal\u00ebn e mori deputetja e L\u00ebvizjes Vet\u00ebvendosje, Fatmire Mulhaxha-Koll\u00e7kau e cila po ashtu deklaroi se e t\u00ebrheq kandidatur\u00ebn e saj.<\/p>\n<p>\u201cEdhe un\u00eb t\u00ebrhiqen\u201d, u shpreh ajo.\/Njeshi\/<\/p>\n","protected":false},"excerpt":{"rendered":"<p>Z\u00ebvend\u00ebskryeministri i Kosov\u00ebs, Glauk Konjufca, n\u00eb fjal\u00ebn e tij n\u00eb seanc\u00ebn e jasht\u00ebzakonshme t\u00eb Kuvendit t\u00eb Kosov\u00ebs, ka th\u00ebn\u00eb se t\u00ebrhiqet nga kandidatura p\u00ebr president. \u201cUn\u00eb t\u00ebrhiqem nga kandidatura p\u00ebr president t\u00eb Republik\u00ebs s\u00eb Kosov\u00ebs\u201d, tha ai. Pas tij fjal\u00ebn e mori deputetja e L\u00ebvizjes Vet\u00ebvendosje, Fatmire Mulhaxha-Koll\u00e7kau e cila po ashtu deklaroi se e [&hellip;]<\/p>\n","protected":false},"author":1,"featured_media":232707,"comment_status":"closed","ping_status":"closed","sticky":false,"template":"","format":"standard","meta":{"footnotes":""},"categories":[5],"tags":[],"class_list":{"0":"post-232706","1":"post","2":"type-post","3":"status-publish","4":"format-standard","5":"has-post-thumbnail","7":"category-lajme"},"_links":{"self":[{"href":"https:\/\/radiostargjilan.com\/web\/wp-json\/wp\/v2\/posts\/232706","targetHints":{"allow":["GET"]}}],"collection":[{"href":"https:\/\/radiostargjilan.com\/web\/wp-json\/wp\/v2\/posts"}],"about":[{"href":"https:\/\/radiostargjilan.com\/web\/wp-json\/wp\/v2\/types\/post"}],"author":[{"embeddable":true,"href":"https:\/\/radiostargjilan.com\/web\/wp-json\/wp\/v2\/users\/1"}],"replies":[{"embeddable":true,"href":"https:\/\/radiostargjilan.com\/web\/wp-json\/wp\/v2\/comments?post=232706"}],"version-history":[{"count":1,"href":"https:\/\/radiostargjilan.com\/web\/wp-json\/wp\/v2\/posts\/232706\/revisions"}],"predecessor-version":[{"id":232708,"href":"https:\/\/radiostargjilan.com\/web\/wp-json\/wp\/v2\/posts\/232706\/revisions\/232708"}],"wp:featuredmedia":[{"embeddable":true,"href":"https:\/\/radiostargjilan.com\/web\/wp-json\/wp\/v2\/media\/232707"}],"wp:attachment":[{"href":"https:\/\/radiostargjilan.com\/web\/wp-json\/wp\/v2\/media?parent=232706"}],"wp:term":[{"taxonomy":"category","embeddable":true,"href":"https:\/\/radiostargjilan.com\/web\/wp-json\/wp\/v2\/categories?post=232706"},{"taxonomy":"post_tag","embeddable":true,"href":"https:\/\/radiostargjilan.com\/web\/wp-json\/wp\/v2\/tags?post=232706"}],"curies":[{"name":"wp","href":"https:\/\/api.w.org\/{rel}","templated":true}]}}