{"id":232709,"date":"2026-04-27T20:24:29","date_gmt":"2026-04-27T18:24:29","guid":{"rendered":"https:\/\/radiostargjilan.com\/web\/?p=232709"},"modified":"2026-04-27T20:24:29","modified_gmt":"2026-04-27T18:24:29","slug":"albulena-haxhiu-therret-per-seance-te-jashtezakonshme-ne-ora-2030","status":"publish","type":"post","link":"https:\/\/radiostargjilan.com\/web\/albulena-haxhiu-therret-per-seance-te-jashtezakonshme-ne-ora-2030\/","title":{"rendered":"Albulena Haxhiu th\u00ebrret p\u00ebr seanc\u00eb t\u00eb jasht\u00ebzakonshme n\u00eb ora 20:30"},"content":{"rendered":"<p>Kryeparlamentarja Albulena Haxhiu ka njoftuar se sot \u00ebsht\u00eb pranuar k\u00ebrkesa e Grupit Parlamentar t\u00eb L\u00ebvizjes Vet\u00ebvendosje p\u00ebr thirrjen e nj\u00eb seance t\u00eb jasht\u00ebzakonshme t\u00eb Kuvendit t\u00eb Kosov\u00ebs.<\/p>\n<p>Sipas njoftimit q\u00eb b\u00ebri Haxhiu, seanca do t\u00eb mbahet sot n\u00eb or\u00ebn 20:30 dhe n\u00eb rend dite \u00ebsht\u00eb zgjedhja e Presidentit t\u00eb Republik\u00ebs s\u00eb Kosov\u00ebs.<\/p>\n<p>N\u00eb kuad\u00ebr t\u00eb k\u00ebsaj k\u00ebrkese jan\u00eb propozuar dy kandidatura p\u00ebr postin e Presidentit nga L\u00ebvizja Vet\u00ebvendosje, Feride Rushiti dhe Hatixhe Hoxha.<\/p>\n<p>Haxhiu u ka b\u00ebr\u00eb thirrje t\u00eb gjith\u00eb deputet\u00ebve t\u00eb Kuvendit t\u00eb Republik\u00ebs s\u00eb Kosov\u00ebs q\u00eb t\u00eb marrin pjes\u00eb n\u00eb k\u00ebt\u00eb seanc\u00eb, duke theksuar r\u00ebnd\u00ebsin\u00eb e p\u00ebrmbushjes s\u00eb obligimeve t\u00eb tyre kushtetuese.<\/p>\n<p>Seanca e sotme pritet t\u00eb jet\u00eb vendimtare p\u00ebr zgjedhjen e kreut t\u00eb shtetit, n\u00eb nj\u00eb moment t\u00eb r\u00ebnd\u00ebsish\u00ebm p\u00ebr institucionet e vendit.<\/p>\n","protected":false},"excerpt":{"rendered":"<p>Kryeparlamentarja Albulena Haxhiu ka njoftuar se sot \u00ebsht\u00eb pranuar k\u00ebrkesa e Grupit Parlamentar t\u00eb L\u00ebvizjes Vet\u00ebvendosje p\u00ebr thirrjen e nj\u00eb seance t\u00eb jasht\u00ebzakonshme t\u00eb Kuvendit t\u00eb Kosov\u00ebs. Sipas njoftimit q\u00eb b\u00ebri Haxhiu, seanca do t\u00eb mbahet sot n\u00eb or\u00ebn 20:30 dhe n\u00eb rend dite \u00ebsht\u00eb zgjedhja e Presidentit t\u00eb Republik\u00ebs s\u00eb Kosov\u00ebs. N\u00eb kuad\u00ebr t\u00eb [&hellip;]<\/p>\n","protected":false},"author":1,"featured_media":232710,"comment_status":"closed","ping_status":"closed","sticky":false,"template":"","format":"standard","meta":{"footnotes":""},"categories":[5],"tags":[],"class_list":{"0":"post-232709","1":"post","2":"type-post","3":"status-publish","4":"format-standard","5":"has-post-thumbnail","7":"category-lajme"},"_links":{"self":[{"href":"https:\/\/radiostargjilan.com\/web\/wp-json\/wp\/v2\/posts\/232709","targetHints":{"allow":["GET"]}}],"collection":[{"href":"https:\/\/radiostargjilan.com\/web\/wp-json\/wp\/v2\/posts"}],"about":[{"href":"https:\/\/radiostargjilan.com\/web\/wp-json\/wp\/v2\/types\/post"}],"author":[{"embeddable":true,"href":"https:\/\/radiostargjilan.com\/web\/wp-json\/wp\/v2\/users\/1"}],"replies":[{"embeddable":true,"href":"https:\/\/radiostargjilan.com\/web\/wp-json\/wp\/v2\/comments?post=232709"}],"version-history":[{"count":1,"href":"https:\/\/radiostargjilan.com\/web\/wp-json\/wp\/v2\/posts\/232709\/revisions"}],"predecessor-version":[{"id":232711,"href":"https:\/\/radiostargjilan.com\/web\/wp-json\/wp\/v2\/posts\/232709\/revisions\/232711"}],"wp:featuredmedia":[{"embeddable":true,"href":"https:\/\/radiostargjilan.com\/web\/wp-json\/wp\/v2\/media\/232710"}],"wp:attachment":[{"href":"https:\/\/radiostargjilan.com\/web\/wp-json\/wp\/v2\/media?parent=232709"}],"wp:term":[{"taxonomy":"category","embeddable":true,"href":"https:\/\/radiostargjilan.com\/web\/wp-json\/wp\/v2\/categories?post=232709"},{"taxonomy":"post_tag","embeddable":true,"href":"https:\/\/radiostargjilan.com\/web\/wp-json\/wp\/v2\/tags?post=232709"}],"curies":[{"name":"wp","href":"https:\/\/api.w.org\/{rel}","templated":true}]}}