{"id":232712,"date":"2026-04-27T20:51:27","date_gmt":"2026-04-27T18:51:27","guid":{"rendered":"https:\/\/radiostargjilan.com\/web\/?p=232712"},"modified":"2026-04-27T20:51:27","modified_gmt":"2026-04-27T18:51:27","slug":"seance-e-jashtezakonshme-per-presidentin-propozohen-feride-rushiti-dhe-hatixhe-hoxha","status":"publish","type":"post","link":"https:\/\/radiostargjilan.com\/web\/seance-e-jashtezakonshme-per-presidentin-propozohen-feride-rushiti-dhe-hatixhe-hoxha\/","title":{"rendered":"Seanc\u00eb e jasht\u00ebzakonshme p\u00ebr presidentin, propozohen Feride Rushiti dhe Hatixhe Hoxha"},"content":{"rendered":"<p>Kryeparlamentarja Albulena Haxhiu ka njoftuar n\u00eb kuad\u00ebr t\u00eb k\u00ebsaj k\u00ebrkese jan\u00eb propozuar dy kandidatura p\u00ebr President: <\/p>\n<p>Feride Rushiti dhe Hatixhe Hoxha.<\/p>\n<p>\u201cSot kam pranuar k\u00ebrkes\u00ebn e Grupit Parlamentar t\u00eb L\u00ebvizjes VET\u00cbVENDOSJE! p\u00ebr thirrjen e nj\u00eb seance t\u00eb jasht\u00ebzakonshme p\u00ebr zgjedhjen e Presidentit, sot n\u00eb or\u00ebn 20:30. N\u00eb kuad\u00ebr t\u00eb k\u00ebsaj k\u00ebrkese jan\u00eb propozuar dy kandidatura p\u00ebr President: Feride Rushiti dhe Hatixhe Hoxha. I ftoj q\u00eb t\u00eb gjithe deputet\u00ebt e Kuvendit t\u00eb Republik\u00ebs s\u00eb Kosov\u00ebs q\u00eb t\u00eb marrin pjes\u00eb n\u00eb k\u00ebt\u00eb seanc\u00eb, n\u00eb p\u00ebrputhje me obligimet e tyre kushtetuese\u201d, ka shkruar Haxhiu.<\/p>\n","protected":false},"excerpt":{"rendered":"<p>Kryeparlamentarja Albulena Haxhiu ka njoftuar n\u00eb kuad\u00ebr t\u00eb k\u00ebsaj k\u00ebrkese jan\u00eb propozuar dy kandidatura p\u00ebr President: Feride Rushiti dhe Hatixhe Hoxha. \u201cSot kam pranuar k\u00ebrkes\u00ebn e Grupit Parlamentar t\u00eb L\u00ebvizjes VET\u00cbVENDOSJE! p\u00ebr thirrjen e nj\u00eb seance t\u00eb jasht\u00ebzakonshme p\u00ebr zgjedhjen e Presidentit, sot n\u00eb or\u00ebn 20:30. N\u00eb kuad\u00ebr t\u00eb k\u00ebsaj k\u00ebrkese jan\u00eb propozuar dy kandidatura [&hellip;]<\/p>\n","protected":false},"author":1,"featured_media":232491,"comment_status":"closed","ping_status":"closed","sticky":false,"template":"","format":"standard","meta":{"footnotes":""},"categories":[5],"tags":[],"class_list":{"0":"post-232712","1":"post","2":"type-post","3":"status-publish","4":"format-standard","5":"has-post-thumbnail","7":"category-lajme"},"_links":{"self":[{"href":"https:\/\/radiostargjilan.com\/web\/wp-json\/wp\/v2\/posts\/232712","targetHints":{"allow":["GET"]}}],"collection":[{"href":"https:\/\/radiostargjilan.com\/web\/wp-json\/wp\/v2\/posts"}],"about":[{"href":"https:\/\/radiostargjilan.com\/web\/wp-json\/wp\/v2\/types\/post"}],"author":[{"embeddable":true,"href":"https:\/\/radiostargjilan.com\/web\/wp-json\/wp\/v2\/users\/1"}],"replies":[{"embeddable":true,"href":"https:\/\/radiostargjilan.com\/web\/wp-json\/wp\/v2\/comments?post=232712"}],"version-history":[{"count":1,"href":"https:\/\/radiostargjilan.com\/web\/wp-json\/wp\/v2\/posts\/232712\/revisions"}],"predecessor-version":[{"id":232715,"href":"https:\/\/radiostargjilan.com\/web\/wp-json\/wp\/v2\/posts\/232712\/revisions\/232715"}],"wp:featuredmedia":[{"embeddable":true,"href":"https:\/\/radiostargjilan.com\/web\/wp-json\/wp\/v2\/media\/232491"}],"wp:attachment":[{"href":"https:\/\/radiostargjilan.com\/web\/wp-json\/wp\/v2\/media?parent=232712"}],"wp:term":[{"taxonomy":"category","embeddable":true,"href":"https:\/\/radiostargjilan.com\/web\/wp-json\/wp\/v2\/categories?post=232712"},{"taxonomy":"post_tag","embeddable":true,"href":"https:\/\/radiostargjilan.com\/web\/wp-json\/wp\/v2\/tags?post=232712"}],"curies":[{"name":"wp","href":"https:\/\/api.w.org\/{rel}","templated":true}]}}