{"id":232716,"date":"2026-04-27T21:04:45","date_gmt":"2026-04-27T19:04:45","guid":{"rendered":"https:\/\/radiostargjilan.com\/web\/?p=232716"},"modified":"2026-04-27T21:04:45","modified_gmt":"2026-04-27T19:04:45","slug":"cakolli-afati-kushtetues-per-zgjedhjen-e-presidentit-perfundon-neser-ne-mesnate","status":"publish","type":"post","link":"https:\/\/radiostargjilan.com\/web\/cakolli-afati-kushtetues-per-zgjedhjen-e-presidentit-perfundon-neser-ne-mesnate\/","title":{"rendered":"Cakolli: Afati kushtetues p\u00ebr zgjedhjen e Presidentit p\u00ebrfundon nes\u00ebr n\u00eb mesnat\u00eb"},"content":{"rendered":"<p>Sipas Eugen Cakollit nga Instituti Demokratik i Kosov\u00ebs, afati kushtetues 34-ditor p\u00ebr zgjedhjen e Presidentit nuk p\u00ebrfundon sonte, por nes\u00ebr n\u00eb mesnat\u00eb.<\/p>\n<p>Ai ka sqaruar se, n\u00eb baz\u00eb t\u00eb Rregullores s\u00eb Pun\u00ebs s\u00eb Gjykat\u00ebs Kushtetuese (Rregulli 29(1b)), kur nj\u00eb periudh\u00eb kohore shprehet n\u00eb dit\u00eb, ajo fillon t\u00eb llogaritet nga dita pasuese e ngjarjes p\u00ebrkat\u00ebse.<\/p>\n<div class=\"jeg_ad jeg_ad_article jnews_content_inline_ads  \">\n<div class=\"ads-wrapper align-center \"><\/div>\n<\/div>\n<p>N\u00eb k\u00ebt\u00eb rast, sipas tij, aktgjykimi i Gjykat\u00ebs Kushtetuese ka hyr\u00eb n\u00eb fuqi m\u00eb 25 mars, nd\u00ebrsa afati ka filluar t\u00eb rrjedh\u00eb nga 26 marsi.<\/p>\n<p>Si rrjedhoj\u00eb, dita e 34-t\u00eb e afatit p\u00ebrmbyllet m\u00eb 28 prill n\u00eb mesnat\u00eb.<\/p>\n<p>\u201cAfati i fundit kushtetues p\u00ebr zgjedhjen e Presidentit nuk \u00ebsht\u00eb sonte. Afati 34-ditor i p\u00ebrcaktuar nga Gjykata Kushtetuese p\u00ebrfundon nes\u00ebr n\u00eb mesnat\u00eb. Kjo pasi q\u00eb, sipas Rregullores s\u00eb Pun\u00ebs s\u00eb Gjykat\u00ebs [Rregulli 29(1b)], kur periudha shprehet n\u00eb dit\u00eb, ajo llogaritet nga dita vijuese pas ngjarjes, n\u00eb k\u00ebt\u00eb rast \u2013 vendimit p\u00ebrkat\u00ebs. Meq\u00eb aktgjykimi n\u00eb k\u00ebt\u00eb rast ka hyr\u00eb n\u00eb fuqi m\u00eb 25 mars, afati fillon t\u00eb rrjedh\u00eb nga 26 marsi, dhe dita e 34-t\u00eb p\u00ebrmbyllet nes\u00ebr n\u00eb mesnat\u00eb\u201d, ka shkruar ai n\u00eb Facebook.<\/p>\n<p><iframe loading=\"lazy\" src=\"https:\/\/www.facebook.com\/plugins\/post.php?href=https%3A%2F%2Fwww.facebook.com%2Feucakolli%2Fposts%2Fpfbid0L91Eapmp4UhkfVcQTh91Pu6V2otzDFY1cxcP2uPdeVvVAU5GM1fBY3eAcyeZ2Etzl&amp;show_text=true&amp;width=500\" width=\"500\" height=\"277\" frameborder=\"0\" scrolling=\"no\" allowfullscreen=\"allowfullscreen\"><\/iframe><\/p>\n","protected":false},"excerpt":{"rendered":"<p>Sipas Eugen Cakollit nga Instituti Demokratik i Kosov\u00ebs, afati kushtetues 34-ditor p\u00ebr zgjedhjen e Presidentit nuk p\u00ebrfundon sonte, por nes\u00ebr n\u00eb mesnat\u00eb. Ai ka sqaruar se, n\u00eb baz\u00eb t\u00eb Rregullores s\u00eb Pun\u00ebs s\u00eb Gjykat\u00ebs Kushtetuese (Rregulli 29(1b)), kur nj\u00eb periudh\u00eb kohore shprehet n\u00eb dit\u00eb, ajo fillon t\u00eb llogaritet nga dita pasuese e ngjarjes p\u00ebrkat\u00ebse. N\u00eb [&hellip;]<\/p>\n","protected":false},"author":1,"featured_media":232717,"comment_status":"closed","ping_status":"closed","sticky":false,"template":"","format":"standard","meta":{"footnotes":""},"categories":[5],"tags":[],"class_list":{"0":"post-232716","1":"post","2":"type-post","3":"status-publish","4":"format-standard","5":"has-post-thumbnail","7":"category-lajme"},"_links":{"self":[{"href":"https:\/\/radiostargjilan.com\/web\/wp-json\/wp\/v2\/posts\/232716","targetHints":{"allow":["GET"]}}],"collection":[{"href":"https:\/\/radiostargjilan.com\/web\/wp-json\/wp\/v2\/posts"}],"about":[{"href":"https:\/\/radiostargjilan.com\/web\/wp-json\/wp\/v2\/types\/post"}],"author":[{"embeddable":true,"href":"https:\/\/radiostargjilan.com\/web\/wp-json\/wp\/v2\/users\/1"}],"replies":[{"embeddable":true,"href":"https:\/\/radiostargjilan.com\/web\/wp-json\/wp\/v2\/comments?post=232716"}],"version-history":[{"count":1,"href":"https:\/\/radiostargjilan.com\/web\/wp-json\/wp\/v2\/posts\/232716\/revisions"}],"predecessor-version":[{"id":232718,"href":"https:\/\/radiostargjilan.com\/web\/wp-json\/wp\/v2\/posts\/232716\/revisions\/232718"}],"wp:featuredmedia":[{"embeddable":true,"href":"https:\/\/radiostargjilan.com\/web\/wp-json\/wp\/v2\/media\/232717"}],"wp:attachment":[{"href":"https:\/\/radiostargjilan.com\/web\/wp-json\/wp\/v2\/media?parent=232716"}],"wp:term":[{"taxonomy":"category","embeddable":true,"href":"https:\/\/radiostargjilan.com\/web\/wp-json\/wp\/v2\/categories?post=232716"},{"taxonomy":"post_tag","embeddable":true,"href":"https:\/\/radiostargjilan.com\/web\/wp-json\/wp\/v2\/tags?post=232716"}],"curies":[{"name":"wp","href":"https:\/\/api.w.org\/{rel}","templated":true}]}}