{"id":232719,"date":"2026-04-27T21:39:48","date_gmt":"2026-04-27T19:39:48","guid":{"rendered":"https:\/\/radiostargjilan.com\/web\/?p=232719"},"modified":"2026-04-27T21:39:48","modified_gmt":"2026-04-27T19:39:48","slug":"pdk-nuk-merr-pjese-ne-seance-gruda-thote-se-eshte-loje-politike","status":"publish","type":"post","link":"https:\/\/radiostargjilan.com\/web\/pdk-nuk-merr-pjese-ne-seance-gruda-thote-se-eshte-loje-politike\/","title":{"rendered":"\u201cPDK nuk merr pjes\u00eb n\u00eb seanc\u00eb\u201d, Gruda thot\u00eb se \u00ebsht\u00eb loj\u00eb politike"},"content":{"rendered":"<p>Deputeti i PDK-s\u00eb, P\u00ebrparim Gruda, tha se PDK nuk merr pjes\u00eb n\u00eb seanc\u00ebn p\u00ebr presidentin.<\/p>\n<p>\u201cNe nuk marrim pjes\u00eb n\u00eb seanc\u00ebn p\u00ebr zgjedhjen e presidentit, \u00ebsht\u00eb loj\u00eb politike\u201d, tha Gruda n\u00eb Pressing.<\/p>\n<p>Ai tha se nuki njeh kush jan\u00eb dy kandidatet e VV-s\u00eb p\u00ebr presidente, duke shtuar se p\u00ebr to ka d\u00ebgjuar p\u00ebr her\u00eb t\u00eb par\u00eb sonte.<\/p>\n","protected":false},"excerpt":{"rendered":"<p>Deputeti i PDK-s\u00eb, P\u00ebrparim Gruda, tha se PDK nuk merr pjes\u00eb n\u00eb seanc\u00ebn p\u00ebr presidentin. \u201cNe nuk marrim pjes\u00eb n\u00eb seanc\u00ebn p\u00ebr zgjedhjen e presidentit, \u00ebsht\u00eb loj\u00eb politike\u201d, tha Gruda n\u00eb Pressing. Ai tha se nuki njeh kush jan\u00eb dy kandidatet e VV-s\u00eb p\u00ebr presidente, duke shtuar se p\u00ebr to ka d\u00ebgjuar p\u00ebr her\u00eb t\u00eb [&hellip;]<\/p>\n","protected":false},"author":1,"featured_media":232720,"comment_status":"closed","ping_status":"closed","sticky":false,"template":"","format":"standard","meta":{"footnotes":""},"categories":[5],"tags":[],"class_list":{"0":"post-232719","1":"post","2":"type-post","3":"status-publish","4":"format-standard","5":"has-post-thumbnail","7":"category-lajme"},"_links":{"self":[{"href":"https:\/\/radiostargjilan.com\/web\/wp-json\/wp\/v2\/posts\/232719","targetHints":{"allow":["GET"]}}],"collection":[{"href":"https:\/\/radiostargjilan.com\/web\/wp-json\/wp\/v2\/posts"}],"about":[{"href":"https:\/\/radiostargjilan.com\/web\/wp-json\/wp\/v2\/types\/post"}],"author":[{"embeddable":true,"href":"https:\/\/radiostargjilan.com\/web\/wp-json\/wp\/v2\/users\/1"}],"replies":[{"embeddable":true,"href":"https:\/\/radiostargjilan.com\/web\/wp-json\/wp\/v2\/comments?post=232719"}],"version-history":[{"count":1,"href":"https:\/\/radiostargjilan.com\/web\/wp-json\/wp\/v2\/posts\/232719\/revisions"}],"predecessor-version":[{"id":232721,"href":"https:\/\/radiostargjilan.com\/web\/wp-json\/wp\/v2\/posts\/232719\/revisions\/232721"}],"wp:featuredmedia":[{"embeddable":true,"href":"https:\/\/radiostargjilan.com\/web\/wp-json\/wp\/v2\/media\/232720"}],"wp:attachment":[{"href":"https:\/\/radiostargjilan.com\/web\/wp-json\/wp\/v2\/media?parent=232719"}],"wp:term":[{"taxonomy":"category","embeddable":true,"href":"https:\/\/radiostargjilan.com\/web\/wp-json\/wp\/v2\/categories?post=232719"},{"taxonomy":"post_tag","embeddable":true,"href":"https:\/\/radiostargjilan.com\/web\/wp-json\/wp\/v2\/tags?post=232719"}],"curies":[{"name":"wp","href":"https:\/\/api.w.org\/{rel}","templated":true}]}}