{"id":232724,"date":"2026-04-27T22:02:49","date_gmt":"2026-04-27T20:02:49","guid":{"rendered":"https:\/\/radiostargjilan.com\/web\/?p=232724"},"modified":"2026-04-27T22:02:49","modified_gmt":"2026-04-27T20:02:49","slug":"beke-berisha-per-kandidatet-e-lvv-se-per-president-nuk-po-i-njoh-vallahi","status":"publish","type":"post","link":"https:\/\/radiostargjilan.com\/web\/beke-berisha-per-kandidatet-e-lvv-se-per-president-nuk-po-i-njoh-vallahi\/","title":{"rendered":"Bek\u00eb Berisha p\u00ebr kandidatet e LVV-s\u00eb p\u00ebr president: Nuk po i njoh vallahi"},"content":{"rendered":"<p>Deputeti i Aleanc\u00ebs p\u00ebr Ardhm\u00ebrin\u00eb e Kosov\u00ebs (AAK), Bek\u00eb Berisha, ka reaguar me ironi ndaj kandidaturave t\u00eb propozuara nga L\u00ebvizja Vet\u00ebvendosje p\u00ebr postin e presidentit t\u00eb vendit.<\/p>\n<p>Ai ka deklaruar se do t\u00eb marr\u00eb pjes\u00eb n\u00eb seanc\u00ebn e Kuvendit, por ka theksuar se nuk \u00ebsht\u00eb n\u00eb dijeni se kush jan\u00eb dy kandidatet e propozuara, duke l\u00ebn\u00eb t\u00eb kuptohet se nuk i njeh ato si figura publike.<\/p>\n<p>\u201cNe po shkojm\u00eb e nuk e di as kush jan\u00eb emrat. Nuk po i njoh vallahi. S\u2019e di, vallahi s\u2019e di\u201d, ka th\u00ebn\u00eb Berisha, duke komentuar shkurtimisht propozimet e LVV-s\u00eb.<\/p>\n<p>Deklarata e tij vjen n\u00eb kuad\u00ebr t\u00eb seanc\u00ebs s\u00eb jasht\u00ebzakonshme t\u00eb Kuvendit t\u00eb Kosov\u00ebs, e thirrur p\u00ebr diskutim dhe votim rreth zgjedhjes s\u00eb presidentit t\u00eb ri t\u00eb vendit, ku L\u00ebvizja Vet\u00ebvendosje ka propozuar Feride Rushitin dhe Hatixhe Hoxh\u00ebn si kandidate p\u00ebr k\u00ebt\u00eb post.<\/p>\n","protected":false},"excerpt":{"rendered":"<p>Deputeti i Aleanc\u00ebs p\u00ebr Ardhm\u00ebrin\u00eb e Kosov\u00ebs (AAK), Bek\u00eb Berisha, ka reaguar me ironi ndaj kandidaturave t\u00eb propozuara nga L\u00ebvizja Vet\u00ebvendosje p\u00ebr postin e presidentit t\u00eb vendit. Ai ka deklaruar se do t\u00eb marr\u00eb pjes\u00eb n\u00eb seanc\u00ebn e Kuvendit, por ka theksuar se nuk \u00ebsht\u00eb n\u00eb dijeni se kush jan\u00eb dy kandidatet e propozuara, duke [&hellip;]<\/p>\n","protected":false},"author":1,"featured_media":232726,"comment_status":"closed","ping_status":"closed","sticky":false,"template":"","format":"standard","meta":{"footnotes":""},"categories":[5],"tags":[],"class_list":{"0":"post-232724","1":"post","2":"type-post","3":"status-publish","4":"format-standard","5":"has-post-thumbnail","7":"category-lajme"},"_links":{"self":[{"href":"https:\/\/radiostargjilan.com\/web\/wp-json\/wp\/v2\/posts\/232724","targetHints":{"allow":["GET"]}}],"collection":[{"href":"https:\/\/radiostargjilan.com\/web\/wp-json\/wp\/v2\/posts"}],"about":[{"href":"https:\/\/radiostargjilan.com\/web\/wp-json\/wp\/v2\/types\/post"}],"author":[{"embeddable":true,"href":"https:\/\/radiostargjilan.com\/web\/wp-json\/wp\/v2\/users\/1"}],"replies":[{"embeddable":true,"href":"https:\/\/radiostargjilan.com\/web\/wp-json\/wp\/v2\/comments?post=232724"}],"version-history":[{"count":1,"href":"https:\/\/radiostargjilan.com\/web\/wp-json\/wp\/v2\/posts\/232724\/revisions"}],"predecessor-version":[{"id":232727,"href":"https:\/\/radiostargjilan.com\/web\/wp-json\/wp\/v2\/posts\/232724\/revisions\/232727"}],"wp:featuredmedia":[{"embeddable":true,"href":"https:\/\/radiostargjilan.com\/web\/wp-json\/wp\/v2\/media\/232726"}],"wp:attachment":[{"href":"https:\/\/radiostargjilan.com\/web\/wp-json\/wp\/v2\/media?parent=232724"}],"wp:term":[{"taxonomy":"category","embeddable":true,"href":"https:\/\/radiostargjilan.com\/web\/wp-json\/wp\/v2\/categories?post=232724"},{"taxonomy":"post_tag","embeddable":true,"href":"https:\/\/radiostargjilan.com\/web\/wp-json\/wp\/v2\/tags?post=232724"}],"curies":[{"name":"wp","href":"https:\/\/api.w.org\/{rel}","templated":true}]}}