{"id":232725,"date":"2026-04-27T22:13:02","date_gmt":"2026-04-27T20:13:02","guid":{"rendered":"https:\/\/radiostargjilan.com\/web\/?p=232725"},"modified":"2026-04-27T22:13:02","modified_gmt":"2026-04-27T20:13:02","slug":"kuvendi-pezullon-seancen-per-presidentin-vazhdimi-neser","status":"publish","type":"post","link":"https:\/\/radiostargjilan.com\/web\/kuvendi-pezullon-seancen-per-presidentin-vazhdimi-neser\/","title":{"rendered":"Kuvendi pezullon seanc\u00ebn p\u00ebr Presidentin, vazhdimi nes\u00ebr"},"content":{"rendered":"<p>N\u00eb Kuvendin e Kosov\u00ebs u mbajt raundi i par\u00eb i votimit p\u00ebr President, ndon\u00ebse n\u00eb sall\u00eb nuk jan\u00eb t\u00eb pranish\u00ebm dy t\u00eb tretat e deputet\u00ebve.<\/p>\n<p>N\u00eb mesin e dy kandidateve t\u00eb propozuara nga L\u00ebvizja Vet\u00ebvendosje, Feride Rushiti mori 63 vota nd\u00ebrsa nj\u00eb vot\u00eb u shpall e pavlefshme.<\/p>\n<p>N\u00eb sall\u00eb t\u00eb pranish\u00ebm jan\u00eb 64 deputet\u00eb nd\u00ebrsa opozita e ka bojkotuar seanc\u00ebn.<\/p>\n<p>Seanca \u00ebsht\u00eb nd\u00ebrprer\u00eb dhe sipas kryetares, Albulena Haxhiu, pritet t\u00eb vazhdoj\u00eb nes\u00ebr n\u00eb ora 10:00.<\/p>\n","protected":false},"excerpt":{"rendered":"<p>N\u00eb Kuvendin e Kosov\u00ebs u mbajt raundi i par\u00eb i votimit p\u00ebr President, ndon\u00ebse n\u00eb sall\u00eb nuk jan\u00eb t\u00eb pranish\u00ebm dy t\u00eb tretat e deputet\u00ebve. N\u00eb mesin e dy kandidateve t\u00eb propozuara nga L\u00ebvizja Vet\u00ebvendosje, Feride Rushiti mori 63 vota nd\u00ebrsa nj\u00eb vot\u00eb u shpall e pavlefshme. N\u00eb sall\u00eb t\u00eb pranish\u00ebm jan\u00eb 64 deputet\u00eb nd\u00ebrsa [&hellip;]<\/p>\n","protected":false},"author":1,"featured_media":232340,"comment_status":"closed","ping_status":"closed","sticky":false,"template":"","format":"standard","meta":{"footnotes":""},"categories":[5],"tags":[],"class_list":{"0":"post-232725","1":"post","2":"type-post","3":"status-publish","4":"format-standard","5":"has-post-thumbnail","7":"category-lajme"},"_links":{"self":[{"href":"https:\/\/radiostargjilan.com\/web\/wp-json\/wp\/v2\/posts\/232725","targetHints":{"allow":["GET"]}}],"collection":[{"href":"https:\/\/radiostargjilan.com\/web\/wp-json\/wp\/v2\/posts"}],"about":[{"href":"https:\/\/radiostargjilan.com\/web\/wp-json\/wp\/v2\/types\/post"}],"author":[{"embeddable":true,"href":"https:\/\/radiostargjilan.com\/web\/wp-json\/wp\/v2\/users\/1"}],"replies":[{"embeddable":true,"href":"https:\/\/radiostargjilan.com\/web\/wp-json\/wp\/v2\/comments?post=232725"}],"version-history":[{"count":1,"href":"https:\/\/radiostargjilan.com\/web\/wp-json\/wp\/v2\/posts\/232725\/revisions"}],"predecessor-version":[{"id":232730,"href":"https:\/\/radiostargjilan.com\/web\/wp-json\/wp\/v2\/posts\/232725\/revisions\/232730"}],"wp:featuredmedia":[{"embeddable":true,"href":"https:\/\/radiostargjilan.com\/web\/wp-json\/wp\/v2\/media\/232340"}],"wp:attachment":[{"href":"https:\/\/radiostargjilan.com\/web\/wp-json\/wp\/v2\/media?parent=232725"}],"wp:term":[{"taxonomy":"category","embeddable":true,"href":"https:\/\/radiostargjilan.com\/web\/wp-json\/wp\/v2\/categories?post=232725"},{"taxonomy":"post_tag","embeddable":true,"href":"https:\/\/radiostargjilan.com\/web\/wp-json\/wp\/v2\/tags?post=232725"}],"curies":[{"name":"wp","href":"https:\/\/api.w.org\/{rel}","templated":true}]}}