{"id":232731,"date":"2026-04-27T23:12:25","date_gmt":"2026-04-27T21:12:25","guid":{"rendered":"https:\/\/radiostargjilan.com\/web\/?p=232731"},"modified":"2026-04-27T23:12:25","modified_gmt":"2026-04-27T21:12:25","slug":"abdixhiku-publikon-15-nenshkrimet-e-ldk-se-ne-mbeshtetje-te-vjosa-osmanit","status":"publish","type":"post","link":"https:\/\/radiostargjilan.com\/web\/abdixhiku-publikon-15-nenshkrimet-e-ldk-se-ne-mbeshtetje-te-vjosa-osmanit\/","title":{"rendered":"Abdixhiku publikon 15 n\u00ebnshkrimet e LDK-s\u00eb n\u00eb mb\u00ebshtetje t\u00eb Vjosa Osmanit"},"content":{"rendered":"<p>Kryetari i Lidhjes Demokratike t\u00eb Kosov\u00ebs, Lumir Abdixhiku ka treguar n\u00ebnshkrimet e tyre p\u00ebr kandidaten p\u00ebr presidente, Vjosa Osmani.<\/p>\n<p>Ai \u00ebsht\u00eb shprehur se nuk i ka b\u00ebr\u00eb publike k\u00ebto n\u00ebnshkrime, sepse sipas tij, nuk ka dashur t\u2019i b\u00ebj pjes\u00eb t\u00eb loj\u00ebrave politike.<\/p>\n<p>Abdixhiku tha se LDK-ja vepron n\u00eb m\u00ebnyr\u00eb shum\u00eb institucionale dhe si\u00e7 tha, \u00ebsht\u00eb serioze n\u00eb q\u00ebndrimet e veta.<\/p>\n<p>\u201cJa ku jan\u00eb 15 n\u00ebnshkrime t\u00eb Lidhjes Demokratike t\u00eb Kosov\u00ebs dhe besoj q\u00eb kjo ishte dashur ta p\u00ebrmbyll\u00eb gjith\u00eb debatin politik n\u00eb Kosov\u00eb. 15 n\u00ebnshkrime t\u00eb LDK-s\u00eb, p\u00ebr kandidatin e propozuar t\u00eb LDK-s\u00eb, por un\u00eb k\u00ebto n\u00ebnshkrime nuk kam dashur t\u2019i b\u00ebj pjes\u00eb t\u00eb loj\u00ebrave politike, sepse jan\u00eb serioze\u201d.<\/p>\n<p>\u201cLDK-ja megjithat\u00eb vepron n\u00eb m\u00ebnyr\u00eb shum\u00eb institucionale dhe \u00ebsht\u00eb serioze n\u00eb q\u00ebndrimet e veta politike, nuk propozon di\u00e7ka LDK-ja \u00e7far\u00eb s\u2019mund t\u2019i q\u00ebndroj\u00eb prapa politikisht\u201d, u shpreh ai.\/Klankosova.tv<\/p>\n","protected":false},"excerpt":{"rendered":"<p>Kryetari i Lidhjes Demokratike t\u00eb Kosov\u00ebs, Lumir Abdixhiku ka treguar n\u00ebnshkrimet e tyre p\u00ebr kandidaten p\u00ebr presidente, Vjosa Osmani. Ai \u00ebsht\u00eb shprehur se nuk i ka b\u00ebr\u00eb publike k\u00ebto n\u00ebnshkrime, sepse sipas tij, nuk ka dashur t\u2019i b\u00ebj pjes\u00eb t\u00eb loj\u00ebrave politike. Abdixhiku tha se LDK-ja vepron n\u00eb m\u00ebnyr\u00eb shum\u00eb institucionale dhe si\u00e7 tha, \u00ebsht\u00eb [&hellip;]<\/p>\n","protected":false},"author":1,"featured_media":232732,"comment_status":"closed","ping_status":"closed","sticky":false,"template":"","format":"standard","meta":{"footnotes":""},"categories":[5],"tags":[],"class_list":{"0":"post-232731","1":"post","2":"type-post","3":"status-publish","4":"format-standard","5":"has-post-thumbnail","7":"category-lajme"},"_links":{"self":[{"href":"https:\/\/radiostargjilan.com\/web\/wp-json\/wp\/v2\/posts\/232731","targetHints":{"allow":["GET"]}}],"collection":[{"href":"https:\/\/radiostargjilan.com\/web\/wp-json\/wp\/v2\/posts"}],"about":[{"href":"https:\/\/radiostargjilan.com\/web\/wp-json\/wp\/v2\/types\/post"}],"author":[{"embeddable":true,"href":"https:\/\/radiostargjilan.com\/web\/wp-json\/wp\/v2\/users\/1"}],"replies":[{"embeddable":true,"href":"https:\/\/radiostargjilan.com\/web\/wp-json\/wp\/v2\/comments?post=232731"}],"version-history":[{"count":1,"href":"https:\/\/radiostargjilan.com\/web\/wp-json\/wp\/v2\/posts\/232731\/revisions"}],"predecessor-version":[{"id":232733,"href":"https:\/\/radiostargjilan.com\/web\/wp-json\/wp\/v2\/posts\/232731\/revisions\/232733"}],"wp:featuredmedia":[{"embeddable":true,"href":"https:\/\/radiostargjilan.com\/web\/wp-json\/wp\/v2\/media\/232732"}],"wp:attachment":[{"href":"https:\/\/radiostargjilan.com\/web\/wp-json\/wp\/v2\/media?parent=232731"}],"wp:term":[{"taxonomy":"category","embeddable":true,"href":"https:\/\/radiostargjilan.com\/web\/wp-json\/wp\/v2\/categories?post=232731"},{"taxonomy":"post_tag","embeddable":true,"href":"https:\/\/radiostargjilan.com\/web\/wp-json\/wp\/v2\/tags?post=232731"}],"curies":[{"name":"wp","href":"https:\/\/api.w.org\/{rel}","templated":true}]}}