{"id":232736,"date":"2026-04-27T23:35:50","date_gmt":"2026-04-27T21:35:50","guid":{"rendered":"https:\/\/radiostargjilan.com\/web\/?p=232736"},"modified":"2026-04-27T23:35:50","modified_gmt":"2026-04-27T21:35:50","slug":"drejtim-i-rrezikshem-kushtetuta-u-shkel-haradinaj-per-zhvillimet-ne-kuvend","status":"publish","type":"post","link":"https:\/\/radiostargjilan.com\/web\/drejtim-i-rrezikshem-kushtetuta-u-shkel-haradinaj-per-zhvillimet-ne-kuvend\/","title":{"rendered":"\u201cDrejtim i rreziksh\u00ebm, kushtetuta u shkel\u201d, Haradinaj p\u00ebr zhvillimet n\u00eb Kuvend"},"content":{"rendered":"<p>Kryetari i AAK-s\u00eb, Ramush Haradinaj, ka reaguar pas p\u00ebrfundimit t\u00eb seanc\u00ebs s\u00eb jasht\u00ebzakonshme p\u00ebr zgjedhjen e presidentit.<\/p>\n<p>N\u00eb nj\u00eb prononcim p\u00ebr IndeksOnline, Haradinaj i ka cil\u00ebsuar zhvillimet e fundit n\u00eb Kuvend si nj\u00eb drejtim t\u00eb gabuar dhe t\u00eb rreziksh\u00ebm, duke akuzuar p\u00ebr shkelje t\u00eb Kushtetut\u00ebs.<\/p>\n<p>\u201c\u00cbsht\u00eb drejtim i gabuar, drejtim i rreziksh\u00ebm. E kan\u00eb shkelur Kushtetut\u00ebn dhe nuk g\u00ebzon m\u00eb asnj\u00eb ftes\u00eb, as respekt e as hap\u00ebsir\u00eb p\u00ebr bashk\u00ebpunim. Ajo e ka shkelur Kushtetut\u00ebn; po t\u00eb kishte pak nder, do t\u00eb kishte dh\u00ebn\u00eb dor\u00ebheqje,\u201d \u00ebsht\u00eb shprehur Haradinaj.<\/p>\n","protected":false},"excerpt":{"rendered":"<p>Kryetari i AAK-s\u00eb, Ramush Haradinaj, ka reaguar pas p\u00ebrfundimit t\u00eb seanc\u00ebs s\u00eb jasht\u00ebzakonshme p\u00ebr zgjedhjen e presidentit. N\u00eb nj\u00eb prononcim p\u00ebr IndeksOnline, Haradinaj i ka cil\u00ebsuar zhvillimet e fundit n\u00eb Kuvend si nj\u00eb drejtim t\u00eb gabuar dhe t\u00eb rreziksh\u00ebm, duke akuzuar p\u00ebr shkelje t\u00eb Kushtetut\u00ebs. \u201c\u00cbsht\u00eb drejtim i gabuar, drejtim i rreziksh\u00ebm. E kan\u00eb shkelur [&hellip;]<\/p>\n","protected":false},"author":1,"featured_media":232737,"comment_status":"closed","ping_status":"closed","sticky":false,"template":"","format":"standard","meta":{"footnotes":""},"categories":[5],"tags":[],"class_list":{"0":"post-232736","1":"post","2":"type-post","3":"status-publish","4":"format-standard","5":"has-post-thumbnail","7":"category-lajme"},"_links":{"self":[{"href":"https:\/\/radiostargjilan.com\/web\/wp-json\/wp\/v2\/posts\/232736","targetHints":{"allow":["GET"]}}],"collection":[{"href":"https:\/\/radiostargjilan.com\/web\/wp-json\/wp\/v2\/posts"}],"about":[{"href":"https:\/\/radiostargjilan.com\/web\/wp-json\/wp\/v2\/types\/post"}],"author":[{"embeddable":true,"href":"https:\/\/radiostargjilan.com\/web\/wp-json\/wp\/v2\/users\/1"}],"replies":[{"embeddable":true,"href":"https:\/\/radiostargjilan.com\/web\/wp-json\/wp\/v2\/comments?post=232736"}],"version-history":[{"count":1,"href":"https:\/\/radiostargjilan.com\/web\/wp-json\/wp\/v2\/posts\/232736\/revisions"}],"predecessor-version":[{"id":232738,"href":"https:\/\/radiostargjilan.com\/web\/wp-json\/wp\/v2\/posts\/232736\/revisions\/232738"}],"wp:featuredmedia":[{"embeddable":true,"href":"https:\/\/radiostargjilan.com\/web\/wp-json\/wp\/v2\/media\/232737"}],"wp:attachment":[{"href":"https:\/\/radiostargjilan.com\/web\/wp-json\/wp\/v2\/media?parent=232736"}],"wp:term":[{"taxonomy":"category","embeddable":true,"href":"https:\/\/radiostargjilan.com\/web\/wp-json\/wp\/v2\/categories?post=232736"},{"taxonomy":"post_tag","embeddable":true,"href":"https:\/\/radiostargjilan.com\/web\/wp-json\/wp\/v2\/tags?post=232736"}],"curies":[{"name":"wp","href":"https:\/\/api.w.org\/{rel}","templated":true}]}}