{"id":232739,"date":"2026-04-28T07:04:13","date_gmt":"2026-04-28T05:04:13","guid":{"rendered":"https:\/\/radiostargjilan.com\/web\/?p=232739"},"modified":"2026-04-28T07:04:13","modified_gmt":"2026-04-28T05:04:13","slug":"parashikimi-i-motit-per-sot-479","status":"publish","type":"post","link":"https:\/\/radiostargjilan.com\/web\/parashikimi-i-motit-per-sot-479\/","title":{"rendered":"Parashikimi i motit p\u00ebr sot"},"content":{"rendered":"<p>T\u00eb mart\u00ebn parashikohet t\u00eb mbaj\u00eb mot me diell dhe vran\u00ebsira, kur gjat\u00eb or\u00ebve t\u00eb pasdites pritet t\u00eb ket\u00eb ndonj\u00eb rrebesh t\u00eb izoluar n\u00eb lokalitete.<\/p>\n<p>Era do t\u00eb fryj\u00eb ndrejtimesh t\u00eb ndryshme por m\u00eb dominues nga veriu, me shpejt\u00ebsi prej 12-33 km\/h.<\/p>\n<p>Temperaturat minimale do t\u00eb l\u00ebvizin prej 5 deri n\u00eb 8\u00b0C, nd\u00ebrsa ato maksimale prej 23 deri n\u00eb 26\u00b0C. \/MeteoKosova\/<\/p>\n","protected":false},"excerpt":{"rendered":"<p>T\u00eb mart\u00ebn parashikohet t\u00eb mbaj\u00eb mot me diell dhe vran\u00ebsira, kur gjat\u00eb or\u00ebve t\u00eb pasdites pritet t\u00eb ket\u00eb ndonj\u00eb rrebesh t\u00eb izoluar n\u00eb lokalitete. Era do t\u00eb fryj\u00eb ndrejtimesh t\u00eb ndryshme por m\u00eb dominues nga veriu, me shpejt\u00ebsi prej 12-33 km\/h. Temperaturat minimale do t\u00eb l\u00ebvizin prej 5 deri n\u00eb 8\u00b0C, nd\u00ebrsa ato maksimale prej [&hellip;]<\/p>\n","protected":false},"author":1,"featured_media":231178,"comment_status":"closed","ping_status":"closed","sticky":false,"template":"","format":"standard","meta":{"footnotes":""},"categories":[5],"tags":[],"class_list":{"0":"post-232739","1":"post","2":"type-post","3":"status-publish","4":"format-standard","5":"has-post-thumbnail","7":"category-lajme"},"_links":{"self":[{"href":"https:\/\/radiostargjilan.com\/web\/wp-json\/wp\/v2\/posts\/232739","targetHints":{"allow":["GET"]}}],"collection":[{"href":"https:\/\/radiostargjilan.com\/web\/wp-json\/wp\/v2\/posts"}],"about":[{"href":"https:\/\/radiostargjilan.com\/web\/wp-json\/wp\/v2\/types\/post"}],"author":[{"embeddable":true,"href":"https:\/\/radiostargjilan.com\/web\/wp-json\/wp\/v2\/users\/1"}],"replies":[{"embeddable":true,"href":"https:\/\/radiostargjilan.com\/web\/wp-json\/wp\/v2\/comments?post=232739"}],"version-history":[{"count":1,"href":"https:\/\/radiostargjilan.com\/web\/wp-json\/wp\/v2\/posts\/232739\/revisions"}],"predecessor-version":[{"id":232740,"href":"https:\/\/radiostargjilan.com\/web\/wp-json\/wp\/v2\/posts\/232739\/revisions\/232740"}],"wp:featuredmedia":[{"embeddable":true,"href":"https:\/\/radiostargjilan.com\/web\/wp-json\/wp\/v2\/media\/231178"}],"wp:attachment":[{"href":"https:\/\/radiostargjilan.com\/web\/wp-json\/wp\/v2\/media?parent=232739"}],"wp:term":[{"taxonomy":"category","embeddable":true,"href":"https:\/\/radiostargjilan.com\/web\/wp-json\/wp\/v2\/categories?post=232739"},{"taxonomy":"post_tag","embeddable":true,"href":"https:\/\/radiostargjilan.com\/web\/wp-json\/wp\/v2\/tags?post=232739"}],"curies":[{"name":"wp","href":"https:\/\/api.w.org\/{rel}","templated":true}]}}