{"id":232744,"date":"2026-04-28T08:30:38","date_gmt":"2026-04-28T06:30:38","guid":{"rendered":"https:\/\/radiostargjilan.com\/web\/?p=232744"},"modified":"2026-04-28T08:30:38","modified_gmt":"2026-04-28T06:30:38","slug":"deliu-kodra-sot-vazhdon-karateja-per-zgjedhje-te-presidentit","status":"publish","type":"post","link":"https:\/\/radiostargjilan.com\/web\/deliu-kodra-sot-vazhdon-karateja-per-zgjedhje-te-presidentit\/","title":{"rendered":"Deliu-Kodra: Sot vazhdon \u201ckarateja\u201d p\u00ebr zgjedhje t\u00eb presidentit"},"content":{"rendered":"<p>Deputetja e PDK-s\u00eb, Blerta Deliu-Kodra ka deklaruar se sot do t\u00eb vazhdoj\u00eb \u201ckarateja\u201d p\u00ebr zgjedhje t\u00eb presidentit.<\/p>\n<p>P\u00ebrmes nj\u00eb postimi n\u00eb Facebook, deputetja akuzoi VV-n\u00eb se fillimisht e godet rendin kushtetues, duke shtuar se pastaj pyesin a ishte e ligjshme, transmeton Klankosova.tv.<\/p>\n<p>\u201cPrej or\u00ebs 10:00 vazhdon \u201ckarateja\u201d p\u00ebr zgjedhje t\u00eb presidentit. Fillimisht e godasin rendin kushtetues, pastaj pyesin a ishte e ligjshme?!\u201d, ka shkruar ajo.<\/p>\n<p>Kujtojm\u00eb se mbr\u00ebm\u00eb gjat\u00eb seanc\u00ebs s\u00eb jasht\u00ebzakonshme p\u00ebr \u00e7\u00ebshtjen e presidentit u zbulua nj\u00eb fotografi.<\/p>\n<p>Nj\u00eb deputet i L\u00ebvizjes Vet\u00ebvendosje ka d\u00ebrguar mesazh me mbishkrimin \u201cpo e zgjedhim sot karate\u201d, shihet n\u00eb fotografi.<\/p>\n","protected":false},"excerpt":{"rendered":"<p>Deputetja e PDK-s\u00eb, Blerta Deliu-Kodra ka deklaruar se sot do t\u00eb vazhdoj\u00eb \u201ckarateja\u201d p\u00ebr zgjedhje t\u00eb presidentit. P\u00ebrmes nj\u00eb postimi n\u00eb Facebook, deputetja akuzoi VV-n\u00eb se fillimisht e godet rendin kushtetues, duke shtuar se pastaj pyesin a ishte e ligjshme, transmeton Klankosova.tv. \u201cPrej or\u00ebs 10:00 vazhdon \u201ckarateja\u201d p\u00ebr zgjedhje t\u00eb presidentit. Fillimisht e godasin rendin [&hellip;]<\/p>\n","protected":false},"author":1,"featured_media":232745,"comment_status":"closed","ping_status":"closed","sticky":false,"template":"","format":"standard","meta":{"footnotes":""},"categories":[5],"tags":[],"class_list":{"0":"post-232744","1":"post","2":"type-post","3":"status-publish","4":"format-standard","5":"has-post-thumbnail","7":"category-lajme"},"_links":{"self":[{"href":"https:\/\/radiostargjilan.com\/web\/wp-json\/wp\/v2\/posts\/232744","targetHints":{"allow":["GET"]}}],"collection":[{"href":"https:\/\/radiostargjilan.com\/web\/wp-json\/wp\/v2\/posts"}],"about":[{"href":"https:\/\/radiostargjilan.com\/web\/wp-json\/wp\/v2\/types\/post"}],"author":[{"embeddable":true,"href":"https:\/\/radiostargjilan.com\/web\/wp-json\/wp\/v2\/users\/1"}],"replies":[{"embeddable":true,"href":"https:\/\/radiostargjilan.com\/web\/wp-json\/wp\/v2\/comments?post=232744"}],"version-history":[{"count":1,"href":"https:\/\/radiostargjilan.com\/web\/wp-json\/wp\/v2\/posts\/232744\/revisions"}],"predecessor-version":[{"id":232746,"href":"https:\/\/radiostargjilan.com\/web\/wp-json\/wp\/v2\/posts\/232744\/revisions\/232746"}],"wp:featuredmedia":[{"embeddable":true,"href":"https:\/\/radiostargjilan.com\/web\/wp-json\/wp\/v2\/media\/232745"}],"wp:attachment":[{"href":"https:\/\/radiostargjilan.com\/web\/wp-json\/wp\/v2\/media?parent=232744"}],"wp:term":[{"taxonomy":"category","embeddable":true,"href":"https:\/\/radiostargjilan.com\/web\/wp-json\/wp\/v2\/categories?post=232744"},{"taxonomy":"post_tag","embeddable":true,"href":"https:\/\/radiostargjilan.com\/web\/wp-json\/wp\/v2\/tags?post=232744"}],"curies":[{"name":"wp","href":"https:\/\/api.w.org\/{rel}","templated":true}]}}