{"id":232752,"date":"2026-04-28T10:48:59","date_gmt":"2026-04-28T08:48:59","guid":{"rendered":"https:\/\/radiostargjilan.com\/web\/?p=232752"},"modified":"2026-04-28T10:48:59","modified_gmt":"2026-04-28T08:48:59","slug":"rizvanolli-kek-dhe-kesco-arrijne-marreveshje-sdo-te-kete-rritje-te-tarifave-te-energjise-elektrike","status":"publish","type":"post","link":"https:\/\/radiostargjilan.com\/web\/rizvanolli-kek-dhe-kesco-arrijne-marreveshje-sdo-te-kete-rritje-te-tarifave-te-energjise-elektrike\/","title":{"rendered":"Rizvanolli: KEK dhe KESCO arrijn\u00eb marr\u00ebveshje, s\u2019do t\u00eb ket\u00eb rritje t\u00eb tarifave t\u00eb energjis\u00eb elektrike"},"content":{"rendered":"<p>Ministrja e Ekonomis\u00eb Artane Rivanolli ka njoftuar se KEK dhe KESKO kan\u00eb arritur marr\u00ebveshje sipas s\u00eb cil\u00ebs nuk do t\u00eb ket\u00eb rritje t\u00eb tarifave t\u00eb energjis\u00eb elektrike.<\/p>\n<p>Rizvanolli n\u00eb nj\u00eb videomesazh t\u00eb publikuar n\u00eb Facebook ka th\u00ebn\u00eb se Qeveria e Kosov\u00ebs mir\u00ebpret k\u00ebt\u00eb marr\u00ebveshje.<\/p>\n<p>\u201cQeveria e Republik\u00ebs s\u00eb Kosov\u00ebs mir\u00ebpret marr\u00ebveshjen mes KEK dhe KESCO e cila do t\u00eb mund\u00ebsoi q\u00eb sipas raportit konsultativ t\u00eb ZRrE-s\u00eb t\u00eb mos kemi rritje t\u00eb tarifave t\u00eb energjis\u00eb elektrike\u201d, ka th\u00ebn\u00eb ajo.<\/p>\n<p>Rizvanolli poashtu ka th\u00ebn\u00eb se fal\u00ebnderon t\u00eb gjitha pal\u00ebt  q\u00eb jan\u00eb angazhuar q\u00eb sivjet investimet n\u00eb KEK t\u00eb vazhdojn\u00eb n\u00eb t\u00eb dy termocentralet \u201cp\u00ebr t\u00eb rritur prodhimin e tyre dhe jet\u00ebgjat\u00ebsin\u00eb, nd\u00ebrkoh\u00eb q\u00eb ruhet p\u00ebrballushm\u00ebria e \u00e7mimeve p\u00ebr qytetar\u00ebt dhe bizneset tona\u201d.<\/p>\n","protected":false},"excerpt":{"rendered":"<p>Ministrja e Ekonomis\u00eb Artane Rivanolli ka njoftuar se KEK dhe KESKO kan\u00eb arritur marr\u00ebveshje sipas s\u00eb cil\u00ebs nuk do t\u00eb ket\u00eb rritje t\u00eb tarifave t\u00eb energjis\u00eb elektrike. Rizvanolli n\u00eb nj\u00eb videomesazh t\u00eb publikuar n\u00eb Facebook ka th\u00ebn\u00eb se Qeveria e Kosov\u00ebs mir\u00ebpret k\u00ebt\u00eb marr\u00ebveshje. \u201cQeveria e Republik\u00ebs s\u00eb Kosov\u00ebs mir\u00ebpret marr\u00ebveshjen mes KEK dhe KESCO [&hellip;]<\/p>\n","protected":false},"author":1,"featured_media":232753,"comment_status":"closed","ping_status":"closed","sticky":false,"template":"","format":"standard","meta":{"footnotes":""},"categories":[5],"tags":[],"class_list":{"0":"post-232752","1":"post","2":"type-post","3":"status-publish","4":"format-standard","5":"has-post-thumbnail","7":"category-lajme"},"_links":{"self":[{"href":"https:\/\/radiostargjilan.com\/web\/wp-json\/wp\/v2\/posts\/232752","targetHints":{"allow":["GET"]}}],"collection":[{"href":"https:\/\/radiostargjilan.com\/web\/wp-json\/wp\/v2\/posts"}],"about":[{"href":"https:\/\/radiostargjilan.com\/web\/wp-json\/wp\/v2\/types\/post"}],"author":[{"embeddable":true,"href":"https:\/\/radiostargjilan.com\/web\/wp-json\/wp\/v2\/users\/1"}],"replies":[{"embeddable":true,"href":"https:\/\/radiostargjilan.com\/web\/wp-json\/wp\/v2\/comments?post=232752"}],"version-history":[{"count":1,"href":"https:\/\/radiostargjilan.com\/web\/wp-json\/wp\/v2\/posts\/232752\/revisions"}],"predecessor-version":[{"id":232754,"href":"https:\/\/radiostargjilan.com\/web\/wp-json\/wp\/v2\/posts\/232752\/revisions\/232754"}],"wp:featuredmedia":[{"embeddable":true,"href":"https:\/\/radiostargjilan.com\/web\/wp-json\/wp\/v2\/media\/232753"}],"wp:attachment":[{"href":"https:\/\/radiostargjilan.com\/web\/wp-json\/wp\/v2\/media?parent=232752"}],"wp:term":[{"taxonomy":"category","embeddable":true,"href":"https:\/\/radiostargjilan.com\/web\/wp-json\/wp\/v2\/categories?post=232752"},{"taxonomy":"post_tag","embeddable":true,"href":"https:\/\/radiostargjilan.com\/web\/wp-json\/wp\/v2\/tags?post=232752"}],"curies":[{"name":"wp","href":"https:\/\/api.w.org\/{rel}","templated":true}]}}