{"id":232756,"date":"2026-04-28T11:56:45","date_gmt":"2026-04-28T09:56:45","guid":{"rendered":"https:\/\/radiostargjilan.com\/web\/?p=232756"},"modified":"2026-04-28T11:56:45","modified_gmt":"2026-04-28T09:56:45","slug":"haxhiu-i-obligon-deputetet-e-opozites-te-marrin-pjese-ne-seance-u-jep-afat-deri-ne-oren-1400","status":"publish","type":"post","link":"https:\/\/radiostargjilan.com\/web\/haxhiu-i-obligon-deputetet-e-opozites-te-marrin-pjese-ne-seance-u-jep-afat-deri-ne-oren-1400\/","title":{"rendered":"Haxhiu i \u201cobligon\u201d deputet\u00ebt e opozit\u00ebs t\u00eb marrin pjes\u00eb n\u00eb seanc\u00eb, u jep afat deri n\u00eb or\u00ebn 14:00"},"content":{"rendered":"<p>Deputet\u00ebt e pushtetit jan\u00eb mbledhur sot s\u00ebrish n\u00eb Kuvend p\u00ebr rundin e dyt\u00eb t\u00eb votimit p\u00ebr President, pavar\u00ebsisht se nuk ishin 80 deputet\u00eb n\u00eb sall\u00eb dhe pavar\u00ebsisht se kjo procedur\u00eb q\u00eb nisi mbr\u00ebm\u00eb, u konsiderua si cenim i rendit kushtetues t\u00eb vendit nga njoh\u00ebs t\u00eb Kushtetut\u00ebs dhe organizata joqeveritare.<\/p>\n<p>Kryeparlamentarja Albulena Haxhiu i ftoi deputet\u00ebt e opozit\u00ebs q\u00eb t\u00eb marrin pjes\u00eb n\u00eb seanc\u00eb, pasi sipas saj, ata jan\u00eb t\u00eb obliguar t\u00eb marrin pjes\u00eb dhe t\u00eb votojn\u00eb, duke e mund\u00ebsuar zgjedhjen e Presidentit.<\/p>\n<p>\u201cP\u00ebr t\u2019i dh\u00ebn\u00eb atyre mund\u00ebsin\u00eb q\u00eb t\u00eb jen\u00eb t\u00eb pranish\u00ebm n\u00eb k\u00ebt\u00eb seanc\u00eb [\u2026] po e vazhdojm\u00eb k\u00ebt\u00eb seanc\u00eb n\u00eb or\u00ebn 2. Pra, shihemi n\u00eb or\u00ebn 2\u201d, tha ajo.<\/p>\n<p>Haxhiu e interpreton ndryshe nj\u00eb aktgjykim t\u00eb Gjykat\u00ebs Kushtetuese, kur e kishte pyetur m\u00eb her\u00ebt p\u00ebr k\u00ebt\u00eb \u00e7\u00ebshtje.<\/p>\n<p>N\u00eb fund t\u00eb marsit, kur Gjykata Kushtetuese vendosi q\u00eb deputet\u00ebt t\u00eb ken\u00eb edhe nj\u00eb afat prej 34 dit\u00ebsh p\u00ebr zgjedhjen e Presidentit, meqen\u00ebse Kuvendi nuk i kishte pasur n\u00eb dispozicion 60 dit\u00ebt prej kur duhej t\u00eb fillonte procedura e deri n\u00eb dit\u00ebn kur duhej t\u00eb p\u00ebrfundonte (30 dit\u00eb para p\u00ebrfundimit t\u00eb mandatit t\u00eb Presidentit aktual), tha se deputet\u00ebt s\u2019mund t\u00eb detyrohen dhe se \u00ebsht\u00eb \u201ct\u00ebr\u00ebsisht n\u00eb vullnetin\u201d e tyre se \u00e7far\u00eb ata konsiderojn\u00eb se \u00ebsht\u00eb \u201cn\u00eb interesin m\u00eb t\u00eb mir\u00eb t\u00eb Republik\u00ebs s\u00eb Kosov\u00ebs\u201d.<\/p>\n<p>\u201cS\u00eb dyti dhe n\u00eb lidhje mandatin dhe ushtrimin e funksionit t\u00eb deputetit, Gjykata rikujton q\u00eb Kushtetuta n\u00eb nenin 70 [Mandati i Deputet\u00ebve] p\u00ebrcakton q\u00eb deputet\u00ebt si p\u00ebrfaq\u00ebsues t\u00eb zgjedhur t\u00eb popullit, nuk i n\u00ebnshtrohen asnj\u00eb mandati detyrues, si dhe ka p\u00ebrcaktuar n\u00eb m\u00ebnyr\u00eb specifike bazat p\u00ebr p\u00ebrfundimin apo humbjen e statusit t\u00eb deputetit. Po ashtu, bazuar n\u00eb nenin 74 [Ushtrimi i Funksionit] t\u00eb Kushtetut\u00ebs, deputet\u00ebt marrin p\u00ebrgjegj\u00ebsin\u00eb q\u00eb mandatin p\u00ebrfaq\u00ebsues ta ushtrojn\u00eb n\u00eb interesin m\u00eb t\u00eb mir\u00eb t\u00eb Republik\u00ebs s\u00eb Kosov\u00ebs dhe n\u00eb p\u00ebrputhje me k\u00ebrkesat formale t\u00eb p\u00ebrcaktuara n\u00eb Kushtetut\u00eb, ligje dhe rregulloren e Kuvendit (shih, rastin KO124\/25, cituar m\u00eb lart, paragrafi 130 dhe 190). Sipas Gjykat\u00ebs, se \u00e7ka konsiderojn\u00eb deputet\u00ebt se \u00ebsht\u00eb n\u00eb interesin m\u00eb t\u00eb mir\u00eb t\u00eb Republik\u00ebs s\u00eb Kosov\u00ebs n\u00eb aspekt politik dhe n\u00eb aspekt t\u00eb politikave publike, \u00ebsht\u00eb t\u00ebr\u00ebsisht n\u00eb vullnetin dhe vendimin e deputet\u00ebve t\u00eb Kuvendit. P\u00ebrderisa respektohet Kushtetuta, \u00e7do zgjedhje e t\u00eb zgjedhurve dhe nj\u00ebkoh\u00ebsisht p\u00ebrfaq\u00ebsuesve t\u00eb popullit, duhet respektuar dhe Kushtetuta p\u00ebrcakton qart\u00eb, q\u00eb deputet\u00ebt nuk i n\u00ebnshtrohen asnj\u00eb mandati detyrues (shih, rastin KO72\/20, cituar m\u00eb lart, paragrafi 357 dhe rastin KO124\/25, cituar m\u00eb lart, paragrafi 181)\u201d, thuhet n\u00eb pik\u00ebn 175 t\u00eb aktgjykimit.<\/p>\n","protected":false},"excerpt":{"rendered":"<p>Deputet\u00ebt e pushtetit jan\u00eb mbledhur sot s\u00ebrish n\u00eb Kuvend p\u00ebr rundin e dyt\u00eb t\u00eb votimit p\u00ebr President, pavar\u00ebsisht se nuk ishin 80 deputet\u00eb n\u00eb sall\u00eb dhe pavar\u00ebsisht se kjo procedur\u00eb q\u00eb nisi mbr\u00ebm\u00eb, u konsiderua si cenim i rendit kushtetues t\u00eb vendit nga njoh\u00ebs t\u00eb Kushtetut\u00ebs dhe organizata joqeveritare. Kryeparlamentarja Albulena Haxhiu i ftoi deputet\u00ebt [&hellip;]<\/p>\n","protected":false},"author":1,"featured_media":232757,"comment_status":"closed","ping_status":"closed","sticky":false,"template":"","format":"standard","meta":{"footnotes":""},"categories":[5],"tags":[],"class_list":{"0":"post-232756","1":"post","2":"type-post","3":"status-publish","4":"format-standard","5":"has-post-thumbnail","7":"category-lajme"},"_links":{"self":[{"href":"https:\/\/radiostargjilan.com\/web\/wp-json\/wp\/v2\/posts\/232756","targetHints":{"allow":["GET"]}}],"collection":[{"href":"https:\/\/radiostargjilan.com\/web\/wp-json\/wp\/v2\/posts"}],"about":[{"href":"https:\/\/radiostargjilan.com\/web\/wp-json\/wp\/v2\/types\/post"}],"author":[{"embeddable":true,"href":"https:\/\/radiostargjilan.com\/web\/wp-json\/wp\/v2\/users\/1"}],"replies":[{"embeddable":true,"href":"https:\/\/radiostargjilan.com\/web\/wp-json\/wp\/v2\/comments?post=232756"}],"version-history":[{"count":1,"href":"https:\/\/radiostargjilan.com\/web\/wp-json\/wp\/v2\/posts\/232756\/revisions"}],"predecessor-version":[{"id":232758,"href":"https:\/\/radiostargjilan.com\/web\/wp-json\/wp\/v2\/posts\/232756\/revisions\/232758"}],"wp:featuredmedia":[{"embeddable":true,"href":"https:\/\/radiostargjilan.com\/web\/wp-json\/wp\/v2\/media\/232757"}],"wp:attachment":[{"href":"https:\/\/radiostargjilan.com\/web\/wp-json\/wp\/v2\/media?parent=232756"}],"wp:term":[{"taxonomy":"category","embeddable":true,"href":"https:\/\/radiostargjilan.com\/web\/wp-json\/wp\/v2\/categories?post=232756"},{"taxonomy":"post_tag","embeddable":true,"href":"https:\/\/radiostargjilan.com\/web\/wp-json\/wp\/v2\/tags?post=232756"}],"curies":[{"name":"wp","href":"https:\/\/api.w.org\/{rel}","templated":true}]}}