{"id":232760,"date":"2026-04-28T12:32:36","date_gmt":"2026-04-28T10:32:36","guid":{"rendered":"https:\/\/radiostargjilan.com\/web\/?p=232760"},"modified":"2026-04-28T12:32:36","modified_gmt":"2026-04-28T10:32:36","slug":"gjuetari-kercenon-me-jete-fotografin-e-natyres-arian-mavriqin","status":"publish","type":"post","link":"https:\/\/radiostargjilan.com\/web\/gjuetari-kercenon-me-jete-fotografin-e-natyres-arian-mavriqin\/","title":{"rendered":"Gjuetari k\u00ebrc\u00ebnon me jet\u00eb fotografin e natyr\u00ebs, Arian Mavriqin"},"content":{"rendered":"<p>Fotografi i njohur i natyr\u00ebs, Arian Mavriqi bashk\u00eb me disa fotograf\u00eb t\u00eb tjer\u00eb jan\u00eb vler\u00ebsuar si gardian t\u00eb mbrojtjes s\u00eb natyr\u00ebs n\u00eb nj\u00eb ceremoni zyrtare shtet\u00ebrore.<\/p>\n<p>Por prezantimi i kartel\u00ebs s\u00eb dh\u00ebn\u00eb nga Ministria e Mjedisit i ka kushtuar me nj\u00eb k\u00ebrc\u00ebnim serioz fotografit t\u00eb shquar.<\/p>\n<p>Gjuetari Sefedin Mziu e ka k\u00ebrc\u00ebnuar me jet\u00eb fotografin Mavriqi, duke th\u00ebn\u00eb se n\u00ebse i del p\u00ebrpara n\u00eb natyr\u00eb, do e gjuaj me plumb t\u00eb th\u00ebll\u00ebnzave.<\/p>\n<p><a href=\"https:\/\/radiostargjilan.com\/web\/wp-content\/uploads\/2026\/04\/IMG_5121.jpeg\"><img loading=\"lazy\" loading=\"lazy\" decoding=\"async\" src=\"https:\/\/radiostargjilan.com\/web\/wp-content\/uploads\/2026\/04\/IMG_5121.jpeg\" alt=\"\" width=\"1152\" height=\"2048\" class=\"alignnone size-full wp-image-232762\" srcset=\"https:\/\/radiostargjilan.com\/web\/wp-content\/uploads\/2026\/04\/IMG_5121.jpeg 1152w, https:\/\/radiostargjilan.com\/web\/wp-content\/uploads\/2026\/04\/IMG_5121-169x300.jpeg 169w, https:\/\/radiostargjilan.com\/web\/wp-content\/uploads\/2026\/04\/IMG_5121-576x1024.jpeg 576w, https:\/\/radiostargjilan.com\/web\/wp-content\/uploads\/2026\/04\/IMG_5121-768x1365.jpeg 768w, https:\/\/radiostargjilan.com\/web\/wp-content\/uploads\/2026\/04\/IMG_5121-864x1536.jpeg 864w, https:\/\/radiostargjilan.com\/web\/wp-content\/uploads\/2026\/04\/IMG_5121-860x1529.jpeg 860w\" sizes=\"auto, (max-width: 1152px) 100vw, 1152px\" \/><\/a><\/p>\n","protected":false},"excerpt":{"rendered":"<p>Fotografi i njohur i natyr\u00ebs, Arian Mavriqi bashk\u00eb me disa fotograf\u00eb t\u00eb tjer\u00eb jan\u00eb vler\u00ebsuar si gardian t\u00eb mbrojtjes s\u00eb natyr\u00ebs n\u00eb nj\u00eb ceremoni zyrtare shtet\u00ebrore. Por prezantimi i kartel\u00ebs s\u00eb dh\u00ebn\u00eb nga Ministria e Mjedisit i ka kushtuar me nj\u00eb k\u00ebrc\u00ebnim serioz fotografit t\u00eb shquar. Gjuetari Sefedin Mziu e ka k\u00ebrc\u00ebnuar me jet\u00eb fotografin [&hellip;]<\/p>\n","protected":false},"author":1,"featured_media":232761,"comment_status":"closed","ping_status":"closed","sticky":false,"template":"","format":"standard","meta":{"footnotes":""},"categories":[5],"tags":[],"class_list":{"0":"post-232760","1":"post","2":"type-post","3":"status-publish","4":"format-standard","5":"has-post-thumbnail","7":"category-lajme"},"_links":{"self":[{"href":"https:\/\/radiostargjilan.com\/web\/wp-json\/wp\/v2\/posts\/232760","targetHints":{"allow":["GET"]}}],"collection":[{"href":"https:\/\/radiostargjilan.com\/web\/wp-json\/wp\/v2\/posts"}],"about":[{"href":"https:\/\/radiostargjilan.com\/web\/wp-json\/wp\/v2\/types\/post"}],"author":[{"embeddable":true,"href":"https:\/\/radiostargjilan.com\/web\/wp-json\/wp\/v2\/users\/1"}],"replies":[{"embeddable":true,"href":"https:\/\/radiostargjilan.com\/web\/wp-json\/wp\/v2\/comments?post=232760"}],"version-history":[{"count":1,"href":"https:\/\/radiostargjilan.com\/web\/wp-json\/wp\/v2\/posts\/232760\/revisions"}],"predecessor-version":[{"id":232763,"href":"https:\/\/radiostargjilan.com\/web\/wp-json\/wp\/v2\/posts\/232760\/revisions\/232763"}],"wp:featuredmedia":[{"embeddable":true,"href":"https:\/\/radiostargjilan.com\/web\/wp-json\/wp\/v2\/media\/232761"}],"wp:attachment":[{"href":"https:\/\/radiostargjilan.com\/web\/wp-json\/wp\/v2\/media?parent=232760"}],"wp:term":[{"taxonomy":"category","embeddable":true,"href":"https:\/\/radiostargjilan.com\/web\/wp-json\/wp\/v2\/categories?post=232760"},{"taxonomy":"post_tag","embeddable":true,"href":"https:\/\/radiostargjilan.com\/web\/wp-json\/wp\/v2\/tags?post=232760"}],"curies":[{"name":"wp","href":"https:\/\/api.w.org\/{rel}","templated":true}]}}