{"id":232764,"date":"2026-04-28T12:33:57","date_gmt":"2026-04-28T10:33:57","guid":{"rendered":"https:\/\/radiostargjilan.com\/web\/?p=232764"},"modified":"2026-04-28T12:33:57","modified_gmt":"2026-04-28T10:33:57","slug":"kapet-21-vjecari-ne-gjilan-po-kerkohej-per-vrasje-ne-tentative","status":"publish","type":"post","link":"https:\/\/radiostargjilan.com\/web\/kapet-21-vjecari-ne-gjilan-po-kerkohej-per-vrasje-ne-tentative\/","title":{"rendered":"Kapet 21-vje\u00e7ari n\u00eb Gjilan, po k\u00ebrkohej p\u00ebr vrasje n\u00eb tentativ\u00eb"},"content":{"rendered":"<p>Policia n\u00eb Gjilan ka arrestuar nj\u00eb 21-vje\u00e7ar me inicalet M.A, i cili po k\u00ebrkohej me urdh\u00ebres\u00eb gjyq\u00ebsore.<\/p>\n<p>Policia b\u00ebn me dije se ai ishte n\u00eb k\u00ebrkim nga Gjykata Themelore n\u00eb Gjilan, pasi ishte d\u00ebnuar me 1 vit e 6 muaj burgim p\u00ebr vepr\u00ebn penale \u201cvrasje n\u00eb tentativ\u00eb\u201d.<\/p>\n<p>Pas p\u00ebrfundimit t\u00eb procedurave i nj\u00ebjti \u00ebsht\u00eb d\u00ebrguar n\u00eb vuajtje t\u00eb d\u00ebnimit.<\/p>\n","protected":false},"excerpt":{"rendered":"<p>Policia n\u00eb Gjilan ka arrestuar nj\u00eb 21-vje\u00e7ar me inicalet M.A, i cili po k\u00ebrkohej me urdh\u00ebres\u00eb gjyq\u00ebsore. Policia b\u00ebn me dije se ai ishte n\u00eb k\u00ebrkim nga Gjykata Themelore n\u00eb Gjilan, pasi ishte d\u00ebnuar me 1 vit e 6 muaj burgim p\u00ebr vepr\u00ebn penale \u201cvrasje n\u00eb tentativ\u00eb\u201d. Pas p\u00ebrfundimit t\u00eb procedurave i nj\u00ebjti \u00ebsht\u00eb d\u00ebrguar [&hellip;]<\/p>\n","protected":false},"author":1,"featured_media":232765,"comment_status":"closed","ping_status":"closed","sticky":false,"template":"","format":"standard","meta":{"footnotes":""},"categories":[5],"tags":[],"class_list":{"0":"post-232764","1":"post","2":"type-post","3":"status-publish","4":"format-standard","5":"has-post-thumbnail","7":"category-lajme"},"_links":{"self":[{"href":"https:\/\/radiostargjilan.com\/web\/wp-json\/wp\/v2\/posts\/232764","targetHints":{"allow":["GET"]}}],"collection":[{"href":"https:\/\/radiostargjilan.com\/web\/wp-json\/wp\/v2\/posts"}],"about":[{"href":"https:\/\/radiostargjilan.com\/web\/wp-json\/wp\/v2\/types\/post"}],"author":[{"embeddable":true,"href":"https:\/\/radiostargjilan.com\/web\/wp-json\/wp\/v2\/users\/1"}],"replies":[{"embeddable":true,"href":"https:\/\/radiostargjilan.com\/web\/wp-json\/wp\/v2\/comments?post=232764"}],"version-history":[{"count":1,"href":"https:\/\/radiostargjilan.com\/web\/wp-json\/wp\/v2\/posts\/232764\/revisions"}],"predecessor-version":[{"id":232766,"href":"https:\/\/radiostargjilan.com\/web\/wp-json\/wp\/v2\/posts\/232764\/revisions\/232766"}],"wp:featuredmedia":[{"embeddable":true,"href":"https:\/\/radiostargjilan.com\/web\/wp-json\/wp\/v2\/media\/232765"}],"wp:attachment":[{"href":"https:\/\/radiostargjilan.com\/web\/wp-json\/wp\/v2\/media?parent=232764"}],"wp:term":[{"taxonomy":"category","embeddable":true,"href":"https:\/\/radiostargjilan.com\/web\/wp-json\/wp\/v2\/categories?post=232764"},{"taxonomy":"post_tag","embeddable":true,"href":"https:\/\/radiostargjilan.com\/web\/wp-json\/wp\/v2\/tags?post=232764"}],"curies":[{"name":"wp","href":"https:\/\/api.w.org\/{rel}","templated":true}]}}