{"id":232772,"date":"2026-04-28T14:52:58","date_gmt":"2026-04-28T12:52:58","guid":{"rendered":"https:\/\/radiostargjilan.com\/web\/?p=232772"},"modified":"2026-04-28T14:52:58","modified_gmt":"2026-04-28T12:52:58","slug":"nenkryetari-i-gjykates-rilind-sermaxhaj-priti-ne-takim-perfaqesuesit-e-osce-se","status":"publish","type":"post","link":"https:\/\/radiostargjilan.com\/web\/nenkryetari-i-gjykates-rilind-sermaxhaj-priti-ne-takim-perfaqesuesit-e-osce-se\/","title":{"rendered":"N\u00ebnkryetari i Gjykat\u00ebs Rilind Sermaxhaj priti n\u00eb takim p\u00ebrfaq\u00ebsuesit e OSCE-s\u00eb"},"content":{"rendered":"<p>N\u00ebnkryetari i Gjykat\u00ebs Themelore n\u00eb Gjilan, z. Rilind Sermaxhaj t\u00eb mart\u00ebn ka pritur n\u00eb takim Menaxherin e Projektit Kund\u00ebr Krimit t\u00eb Organizuar dhe Korrupsionit nga OSCE, z. Kahramon Sanginov si dhe Zyrtaren p\u00ebr Monitorimin e Proceseve Gjyq\u00ebsore znj. Etleva Kelmendi &#8211; Shabani. <\/p>\n<p>N\u00ebnkryetari Sermaxhaj, shprehu fal\u00ebnderimin p\u00ebr mb\u00ebshtetjen e vazhduesh\u00ebm t\u00eb OSCE-s\u00eb n\u00eb sistemin e drejt\u00ebsis\u00eb, me q\u00ebllim t\u00eb rritjes s\u00eb transparenc\u00ebs dhe llogaridh\u00ebnies.<\/p>\n<p>Gjat\u00eb k\u00ebtij takimi u diskutua p\u00ebr \u00e7\u00ebshtje t\u00eb r\u00ebnd\u00ebsishme q\u00eb lidhen me luftimin e krimit t\u00eb organizuar dhe korrupsionit, me theks t\u00eb ve\u00e7ant\u00eb n\u00eb trajtimin e rasteve t\u00eb korrupsionit, rritjen e transparenc\u00ebs institucionale dhe forcimin e llogaridh\u00ebnies.<\/p>\n<p>Bashk\u00ebbiseduesit theksuan r\u00ebnd\u00ebsin\u00eb e bashk\u00ebpunimit t\u00eb vazhduesh\u00ebm nd\u00ebrinstitucional dhe mb\u00ebshtetjen q\u00eb OSCE-ja ofron n\u00eb ngritjen e kapaciteteve profesionale, monitorimin dhe avancimin e sundimit t\u00eb ligjit n\u00eb Kosov\u00eb.<\/p>\n","protected":false},"excerpt":{"rendered":"<p>N\u00ebnkryetari i Gjykat\u00ebs Themelore n\u00eb Gjilan, z. Rilind Sermaxhaj t\u00eb mart\u00ebn ka pritur n\u00eb takim Menaxherin e Projektit Kund\u00ebr Krimit t\u00eb Organizuar dhe Korrupsionit nga OSCE, z. Kahramon Sanginov si dhe Zyrtaren p\u00ebr Monitorimin e Proceseve Gjyq\u00ebsore znj. Etleva Kelmendi &#8211; Shabani. N\u00ebnkryetari Sermaxhaj, shprehu fal\u00ebnderimin p\u00ebr mb\u00ebshtetjen e vazhduesh\u00ebm t\u00eb OSCE-s\u00eb n\u00eb sistemin e [&hellip;]<\/p>\n","protected":false},"author":1,"featured_media":232773,"comment_status":"closed","ping_status":"closed","sticky":false,"template":"","format":"standard","meta":{"footnotes":""},"categories":[5],"tags":[],"class_list":{"0":"post-232772","1":"post","2":"type-post","3":"status-publish","4":"format-standard","5":"has-post-thumbnail","7":"category-lajme"},"_links":{"self":[{"href":"https:\/\/radiostargjilan.com\/web\/wp-json\/wp\/v2\/posts\/232772","targetHints":{"allow":["GET"]}}],"collection":[{"href":"https:\/\/radiostargjilan.com\/web\/wp-json\/wp\/v2\/posts"}],"about":[{"href":"https:\/\/radiostargjilan.com\/web\/wp-json\/wp\/v2\/types\/post"}],"author":[{"embeddable":true,"href":"https:\/\/radiostargjilan.com\/web\/wp-json\/wp\/v2\/users\/1"}],"replies":[{"embeddable":true,"href":"https:\/\/radiostargjilan.com\/web\/wp-json\/wp\/v2\/comments?post=232772"}],"version-history":[{"count":1,"href":"https:\/\/radiostargjilan.com\/web\/wp-json\/wp\/v2\/posts\/232772\/revisions"}],"predecessor-version":[{"id":232774,"href":"https:\/\/radiostargjilan.com\/web\/wp-json\/wp\/v2\/posts\/232772\/revisions\/232774"}],"wp:featuredmedia":[{"embeddable":true,"href":"https:\/\/radiostargjilan.com\/web\/wp-json\/wp\/v2\/media\/232773"}],"wp:attachment":[{"href":"https:\/\/radiostargjilan.com\/web\/wp-json\/wp\/v2\/media?parent=232772"}],"wp:term":[{"taxonomy":"category","embeddable":true,"href":"https:\/\/radiostargjilan.com\/web\/wp-json\/wp\/v2\/categories?post=232772"},{"taxonomy":"post_tag","embeddable":true,"href":"https:\/\/radiostargjilan.com\/web\/wp-json\/wp\/v2\/tags?post=232772"}],"curies":[{"name":"wp","href":"https:\/\/api.w.org\/{rel}","templated":true}]}}