{"id":232782,"date":"2026-04-28T15:58:40","date_gmt":"2026-04-28T13:58:40","guid":{"rendered":"https:\/\/radiostargjilan.com\/web\/?p=232782"},"modified":"2026-04-28T15:58:40","modified_gmt":"2026-04-28T13:58:40","slug":"haxhiu-therret-opoziten-ne-seancen-e-ores-1900-ndalni-presionin-ndaj-kandidateve","status":"publish","type":"post","link":"https:\/\/radiostargjilan.com\/web\/haxhiu-therret-opoziten-ne-seancen-e-ores-1900-ndalni-presionin-ndaj-kandidateve\/","title":{"rendered":"Haxhiu th\u00ebrret opozit\u00ebn n\u00eb seanc\u00ebn e or\u00ebs 19:00: Ndalni presionin ndaj kandidateve"},"content":{"rendered":"<p>N\u00eb munges\u00eb t\u00eb deputet\u00ebve opozitar\u00eb, \u00ebsht\u00eb shtyr\u00eb p\u00ebr n\u00eb or\u00ebn 19:00 seanca e jasht\u00ebzakonshme, p\u00ebr zgjedhjen e presidentit.<\/p>\n<p>Kryetarja e Kuvendit t\u00eb Kosov\u00ebs Albulena Haxhiu, u b\u00ebr\u00eb thirrje deputet\u00ebve t\u00eb opozit\u00ebs q\u00eb t\u00eb jen\u00eb t\u00eb pranish\u00ebm n\u00eb senac\u00eb.<\/p>\n<p>Nd\u00ebrsa tha se opozita n\u00eb vend q\u00eb t\u00eb iu b\u00ebj\u00eb presion kandidateve q\u00eb t\u00eb t\u00ebrhiqen nga gara, duhet t\u00eb jen\u00eb t\u00eb pranish\u00ebm n\u00eb senac\u00eb dhe t\u00eb flasin nga aty, jo nga zyret e tyre.<\/p>\n<p>\u201cP\u00ebrkund\u00ebr faktit q\u00eb i kam b\u00ebr\u00eb thirrje  deputeteve q\u00eb t\u00eb vijn\u00eb n\u00eb seanc\u00eb, si\u00e7 po e shihni depuetetet nga opozita s\u2019jan\u00eb t\u00eb pranish\u00ebm. Detyrohen q\u00eb t\u2019i adresoj\u00eb p\u00ebrgjegj\u00ebsit\u00eb q\u00eb deputetet kan\u00eb, n\u00eb raport me obligimet kushtetuese. S\u2019kam pranuar asnj\u00eb njoftim p\u00ebr arsyet e munges\u00eb s\u00eb deputeteve. N\u00eb k\u00ebto rrethana deputetet duhet t\u00eb ndihen t\u00eb obliguar q\u00eb t\u00eb marrin pjes\u00eb n\u00eb seanca. Edhe nj\u00ebher\u00eb i ftoj dhe i lus q\u00eb t\u00eb jen\u00eb t\u00eb pranish\u00ebm n\u00eb seanc\u00eb. N\u00eb vend q\u00eb t\u2019i b\u00ebjn\u00eb presion kandidateve q\u00eb t\u00eb t\u00ebrhiqen nga gara. I ftoj q\u00eb t\u00eb vijn\u00eb dhe n\u00ebse k\u00ebrkojn\u00eb fjal\u00ebn, ua japim, por jo t\u00eb flasin nga zyrat e tyre. K\u00ebtu \u00ebsht\u00eb vendi ku duhet t\u00eb  flasin. I lus q\u00eb t\u00eb vijn\u00eb n\u00eb k\u00ebt\u00eb seanc\u00eb\u201d, tha Haxhiu.<\/p>\n","protected":false},"excerpt":{"rendered":"<p>N\u00eb munges\u00eb t\u00eb deputet\u00ebve opozitar\u00eb, \u00ebsht\u00eb shtyr\u00eb p\u00ebr n\u00eb or\u00ebn 19:00 seanca e jasht\u00ebzakonshme, p\u00ebr zgjedhjen e presidentit. Kryetarja e Kuvendit t\u00eb Kosov\u00ebs Albulena Haxhiu, u b\u00ebr\u00eb thirrje deputet\u00ebve t\u00eb opozit\u00ebs q\u00eb t\u00eb jen\u00eb t\u00eb pranish\u00ebm n\u00eb senac\u00eb. Nd\u00ebrsa tha se opozita n\u00eb vend q\u00eb t\u00eb iu b\u00ebj\u00eb presion kandidateve q\u00eb t\u00eb t\u00ebrhiqen nga gara, [&hellip;]<\/p>\n","protected":false},"author":1,"featured_media":232757,"comment_status":"closed","ping_status":"closed","sticky":false,"template":"","format":"standard","meta":{"footnotes":""},"categories":[5],"tags":[],"class_list":{"0":"post-232782","1":"post","2":"type-post","3":"status-publish","4":"format-standard","5":"has-post-thumbnail","7":"category-lajme"},"_links":{"self":[{"href":"https:\/\/radiostargjilan.com\/web\/wp-json\/wp\/v2\/posts\/232782","targetHints":{"allow":["GET"]}}],"collection":[{"href":"https:\/\/radiostargjilan.com\/web\/wp-json\/wp\/v2\/posts"}],"about":[{"href":"https:\/\/radiostargjilan.com\/web\/wp-json\/wp\/v2\/types\/post"}],"author":[{"embeddable":true,"href":"https:\/\/radiostargjilan.com\/web\/wp-json\/wp\/v2\/users\/1"}],"replies":[{"embeddable":true,"href":"https:\/\/radiostargjilan.com\/web\/wp-json\/wp\/v2\/comments?post=232782"}],"version-history":[{"count":1,"href":"https:\/\/radiostargjilan.com\/web\/wp-json\/wp\/v2\/posts\/232782\/revisions"}],"predecessor-version":[{"id":232783,"href":"https:\/\/radiostargjilan.com\/web\/wp-json\/wp\/v2\/posts\/232782\/revisions\/232783"}],"wp:featuredmedia":[{"embeddable":true,"href":"https:\/\/radiostargjilan.com\/web\/wp-json\/wp\/v2\/media\/232757"}],"wp:attachment":[{"href":"https:\/\/radiostargjilan.com\/web\/wp-json\/wp\/v2\/media?parent=232782"}],"wp:term":[{"taxonomy":"category","embeddable":true,"href":"https:\/\/radiostargjilan.com\/web\/wp-json\/wp\/v2\/categories?post=232782"},{"taxonomy":"post_tag","embeddable":true,"href":"https:\/\/radiostargjilan.com\/web\/wp-json\/wp\/v2\/tags?post=232782"}],"curies":[{"name":"wp","href":"https:\/\/api.w.org\/{rel}","templated":true}]}}