{"id":232784,"date":"2026-04-28T17:08:06","date_gmt":"2026-04-28T15:08:06","guid":{"rendered":"https:\/\/radiostargjilan.com\/web\/?p=232784"},"modified":"2026-04-28T17:08:06","modified_gmt":"2026-04-28T15:08:06","slug":"zekirija-ramadani-perballe-prishtines-luajme-vetem-per-fitore","status":"publish","type":"post","link":"https:\/\/radiostargjilan.com\/web\/zekirija-ramadani-perballe-prishtines-luajme-vetem-per-fitore\/","title":{"rendered":"Zekirija Ramadani: P\u00ebrball\u00eb Prishtin\u00ebs luajm\u00eb vet\u00ebm p\u00ebr fitore"},"content":{"rendered":"<p>Trajneri Zekirija Ramadani, para ndeshjes ndaj Prishtin\u00ebs, ka theksuar se skuadra e tij e pret nj\u00eb p\u00ebrballje t\u00eb v\u00ebshtir\u00eb ndaj nj\u00eb kund\u00ebrshtari me shum\u00eb histori.<\/p>\n<p>\u201cKemi p\u00ebrball\u00eb ekipin m\u00eb t\u00eb trofesh\u00ebm dhe nuk do t\u00eb jet\u00eb aspak leht\u00eb. Prishtina \u00ebsht\u00eb skuad\u00ebr solide me nj\u00eb trajner t\u00eb mir\u00eb, por neve na interesojn\u00eb vet\u00ebm pik\u00ebt dhe ruajtja e k\u00ebtij diferencimi q\u00eb kemi krijuar,\u201d u shpreh Ramadani.<\/p>\n<p>Ai shtoi se fitorja k\u00ebrkon p\u00ebrkushtim maksimal:<\/p>\n<p>\u201cDuhet ta marrim 3-pik\u00ebshin me mund, sakrific\u00eb dhe loj\u00eb t\u00eb mir\u00eb. P\u00ebrkrahja e tifoz\u00ebve po na ndihmon shum\u00eb p\u00ebr t\u2019i kompensuar mungesat.\u201d<br \/>\nN\u00eb fund, Ramadani theksoi r\u00ebnd\u00ebsin\u00eb e ndeshjeve t\u00eb mbetura: \u201cNa presin edhe gjasht\u00eb finale deri n\u00eb fund, ku \u00e7do kund\u00ebrshtar \u00ebsht\u00eb i v\u00ebshtir\u00eb.\u201d<\/p>\n","protected":false},"excerpt":{"rendered":"<p>Trajneri Zekirija Ramadani, para ndeshjes ndaj Prishtin\u00ebs, ka theksuar se skuadra e tij e pret nj\u00eb p\u00ebrballje t\u00eb v\u00ebshtir\u00eb ndaj nj\u00eb kund\u00ebrshtari me shum\u00eb histori. \u201cKemi p\u00ebrball\u00eb ekipin m\u00eb t\u00eb trofesh\u00ebm dhe nuk do t\u00eb jet\u00eb aspak leht\u00eb. Prishtina \u00ebsht\u00eb skuad\u00ebr solide me nj\u00eb trajner t\u00eb mir\u00eb, por neve na interesojn\u00eb vet\u00ebm pik\u00ebt dhe ruajtja [&hellip;]<\/p>\n","protected":false},"author":1,"featured_media":232785,"comment_status":"closed","ping_status":"closed","sticky":false,"template":"","format":"standard","meta":{"footnotes":""},"categories":[7],"tags":[],"class_list":{"0":"post-232784","1":"post","2":"type-post","3":"status-publish","4":"format-standard","5":"has-post-thumbnail","7":"category-sports"},"_links":{"self":[{"href":"https:\/\/radiostargjilan.com\/web\/wp-json\/wp\/v2\/posts\/232784","targetHints":{"allow":["GET"]}}],"collection":[{"href":"https:\/\/radiostargjilan.com\/web\/wp-json\/wp\/v2\/posts"}],"about":[{"href":"https:\/\/radiostargjilan.com\/web\/wp-json\/wp\/v2\/types\/post"}],"author":[{"embeddable":true,"href":"https:\/\/radiostargjilan.com\/web\/wp-json\/wp\/v2\/users\/1"}],"replies":[{"embeddable":true,"href":"https:\/\/radiostargjilan.com\/web\/wp-json\/wp\/v2\/comments?post=232784"}],"version-history":[{"count":1,"href":"https:\/\/radiostargjilan.com\/web\/wp-json\/wp\/v2\/posts\/232784\/revisions"}],"predecessor-version":[{"id":232786,"href":"https:\/\/radiostargjilan.com\/web\/wp-json\/wp\/v2\/posts\/232784\/revisions\/232786"}],"wp:featuredmedia":[{"embeddable":true,"href":"https:\/\/radiostargjilan.com\/web\/wp-json\/wp\/v2\/media\/232785"}],"wp:attachment":[{"href":"https:\/\/radiostargjilan.com\/web\/wp-json\/wp\/v2\/media?parent=232784"}],"wp:term":[{"taxonomy":"category","embeddable":true,"href":"https:\/\/radiostargjilan.com\/web\/wp-json\/wp\/v2\/categories?post=232784"},{"taxonomy":"post_tag","embeddable":true,"href":"https:\/\/radiostargjilan.com\/web\/wp-json\/wp\/v2\/tags?post=232784"}],"curies":[{"name":"wp","href":"https:\/\/api.w.org\/{rel}","templated":true}]}}