{"id":232787,"date":"2026-04-28T17:12:51","date_gmt":"2026-04-28T15:12:51","guid":{"rendered":"https:\/\/radiostargjilan.com\/web\/?p=232787"},"modified":"2026-04-28T17:12:51","modified_gmt":"2026-04-28T15:12:51","slug":"kurti-ende-e-kemi-mundesine-ta-kemi-feride-rushitin-presidente-kryetaret-e-partive-opozitare-e-kane-humbur-arsyen","status":"publish","type":"post","link":"https:\/\/radiostargjilan.com\/web\/kurti-ende-e-kemi-mundesine-ta-kemi-feride-rushitin-presidente-kryetaret-e-partive-opozitare-e-kane-humbur-arsyen\/","title":{"rendered":"Kurti: Ende e kemi mund\u00ebsin\u00eb ta kemi Feride Rushitin Presidente, kryetar\u00ebt e partive opozitare e kan\u00eb humbur arsyen"},"content":{"rendered":"<p>Kryeministri Albin Kurti foli n\u00eb nj\u00eb konferenc\u00eb p\u00ebr media p\u00ebr \u201cp\u00ebrpjekjet\u201d e tij p\u00ebr zgjedhjen e Presidentit.<\/p>\n<p>Ai foli p\u00ebr biografin\u00eb e kandidates s\u00eb propozuar nga partia e tij, Feride Rushitit, t\u00eb cil\u00ebn tha se \u201cende e kemi mund\u00ebsin\u00eb q\u00eb ta kemi Presidente\u201d.<\/p>\n<p>Kurti e fal\u00ebnderoi at\u00eb p\u00ebr gatishm\u00ebrin\u00eb p\u00ebr \u201cta nxjerr\u00eb vendin nga ng\u00ebr\u00e7i\u201d, nd\u00ebrsa tha se kryetar\u00ebt e partive opozitare \u201ce kan\u00eb humbur arsyen\u201d.<\/p>\n<p>\u201cUn\u00eb dua ta fal\u00ebnderoj doktoresh\u00ebn Feride Rushiti p\u00ebr gatishm\u00ebrin\u00eb e saj q\u00eb vendin ta nxjerr nga ky ng\u00ebr\u00e7 dhe nga kjo kriz\u00eb dhe q\u00eb Kosova t\u00eb mos shkoj\u00eb s\u00ebrish nn\u00eb zgjedhje, por kjo duket e pamundur me subjekte politike e lider\u00eb partish q\u00eb e kan\u00eb humbur arsyen dhe kan\u00eb vendosur inat jo vet\u00eb me ne, por edhe me popullin e Kosov\u00ebs q\u00eb nuk po i voton m\u00eb shum\u00eb, e po i voton gjithnj\u00eb e m\u00eb pak\u201d, tha ai.<\/p>\n<p>N\u00eb vazhdimin e seanc\u00ebs n\u00eb or\u00ebn 19:00, ai tha se pret q\u00eb t\u00eb marrin pjes\u00eb edhe deputet\u00ebt e opozit\u00ebs.<\/p>\n","protected":false},"excerpt":{"rendered":"<p>Kryeministri Albin Kurti foli n\u00eb nj\u00eb konferenc\u00eb p\u00ebr media p\u00ebr \u201cp\u00ebrpjekjet\u201d e tij p\u00ebr zgjedhjen e Presidentit. Ai foli p\u00ebr biografin\u00eb e kandidates s\u00eb propozuar nga partia e tij, Feride Rushitit, t\u00eb cil\u00ebn tha se \u201cende e kemi mund\u00ebsin\u00eb q\u00eb ta kemi Presidente\u201d. Kurti e fal\u00ebnderoi at\u00eb p\u00ebr gatishm\u00ebrin\u00eb p\u00ebr \u201cta nxjerr\u00eb vendin nga ng\u00ebr\u00e7i\u201d, [&hellip;]<\/p>\n","protected":false},"author":1,"featured_media":232788,"comment_status":"closed","ping_status":"closed","sticky":false,"template":"","format":"standard","meta":{"footnotes":""},"categories":[5],"tags":[],"class_list":{"0":"post-232787","1":"post","2":"type-post","3":"status-publish","4":"format-standard","5":"has-post-thumbnail","7":"category-lajme"},"_links":{"self":[{"href":"https:\/\/radiostargjilan.com\/web\/wp-json\/wp\/v2\/posts\/232787","targetHints":{"allow":["GET"]}}],"collection":[{"href":"https:\/\/radiostargjilan.com\/web\/wp-json\/wp\/v2\/posts"}],"about":[{"href":"https:\/\/radiostargjilan.com\/web\/wp-json\/wp\/v2\/types\/post"}],"author":[{"embeddable":true,"href":"https:\/\/radiostargjilan.com\/web\/wp-json\/wp\/v2\/users\/1"}],"replies":[{"embeddable":true,"href":"https:\/\/radiostargjilan.com\/web\/wp-json\/wp\/v2\/comments?post=232787"}],"version-history":[{"count":1,"href":"https:\/\/radiostargjilan.com\/web\/wp-json\/wp\/v2\/posts\/232787\/revisions"}],"predecessor-version":[{"id":232789,"href":"https:\/\/radiostargjilan.com\/web\/wp-json\/wp\/v2\/posts\/232787\/revisions\/232789"}],"wp:featuredmedia":[{"embeddable":true,"href":"https:\/\/radiostargjilan.com\/web\/wp-json\/wp\/v2\/media\/232788"}],"wp:attachment":[{"href":"https:\/\/radiostargjilan.com\/web\/wp-json\/wp\/v2\/media?parent=232787"}],"wp:term":[{"taxonomy":"category","embeddable":true,"href":"https:\/\/radiostargjilan.com\/web\/wp-json\/wp\/v2\/categories?post=232787"},{"taxonomy":"post_tag","embeddable":true,"href":"https:\/\/radiostargjilan.com\/web\/wp-json\/wp\/v2\/tags?post=232787"}],"curies":[{"name":"wp","href":"https:\/\/api.w.org\/{rel}","templated":true}]}}