{"id":232798,"date":"2026-04-28T21:13:37","date_gmt":"2026-04-28T19:13:37","guid":{"rendered":"https:\/\/radiostargjilan.com\/web\/?p=232798"},"modified":"2026-04-28T21:13:37","modified_gmt":"2026-04-28T19:13:37","slug":"lumir-abdixhiku-seanca-shou-njepartiak-kurti-deshiron-shtyrjen-e-dates-se-zgjedhjeve","status":"publish","type":"post","link":"https:\/\/radiostargjilan.com\/web\/lumir-abdixhiku-seanca-shou-njepartiak-kurti-deshiron-shtyrjen-e-dates-se-zgjedhjeve\/","title":{"rendered":"Lumir Abdixhiku: Seanca shou nj\u00ebpartiak, Kurti d\u00ebshiron shtyrjen e dat\u00ebs s\u00eb zgjedhjeve"},"content":{"rendered":"<p>Kryetari i Lidhjes Demokratike t\u00eb Kosov\u00ebs, Lumir Abdixhiku \u00ebsht\u00eb deklaruar se nuk marrin pjes\u00eb n\u00eb seanc\u00ebn e thirrur p\u00ebr \u00e7\u00ebshtjen e presidentit.<\/p>\n<p>Ai u shpreh se k\u00ebt\u00eb e konsiderojn\u00eb nj\u00eb \u201cshow nj\u00ebpartiak\u201d, q\u00eb sipas tij, nuk i sh\u00ebrben interesave t\u00eb vendit.<\/p>\n<p>\u201cLDK-ja dhe k\u00ebtu flas n\u00eb em\u00ebr t\u00eb gjith\u00eb deputet\u00ebve t\u00eb LDK-s\u00eb e konsideron q\u00eb ky show nj\u00ebpartiak nuk i sh\u00ebrben interesave t\u00eb Republik\u00ebs dhe n\u00eb k\u00ebt\u00eb drejtim nuk marrim pjes\u00eb n\u00eb show t\u00eb till\u00eb. Le ta marrin si t\u00eb d\u00ebshirojn\u00eb ta marrin, por kjo \u00ebsht\u00eb e v\u00ebrteta\u201d, u shpreh ai.<\/p>\n<p>Abdixhiku konsideron se Kurti d\u00ebshiron shtyrjen e dat\u00ebs s\u00eb zgjedhjeve.<\/p>\n","protected":false},"excerpt":{"rendered":"<p>Kryetari i Lidhjes Demokratike t\u00eb Kosov\u00ebs, Lumir Abdixhiku \u00ebsht\u00eb deklaruar se nuk marrin pjes\u00eb n\u00eb seanc\u00ebn e thirrur p\u00ebr \u00e7\u00ebshtjen e presidentit. Ai u shpreh se k\u00ebt\u00eb e konsiderojn\u00eb nj\u00eb \u201cshow nj\u00ebpartiak\u201d, q\u00eb sipas tij, nuk i sh\u00ebrben interesave t\u00eb vendit. \u201cLDK-ja dhe k\u00ebtu flas n\u00eb em\u00ebr t\u00eb gjith\u00eb deputet\u00ebve t\u00eb LDK-s\u00eb e konsideron q\u00eb [&hellip;]<\/p>\n","protected":false},"author":1,"featured_media":232799,"comment_status":"closed","ping_status":"closed","sticky":false,"template":"","format":"standard","meta":{"footnotes":""},"categories":[5],"tags":[],"class_list":{"0":"post-232798","1":"post","2":"type-post","3":"status-publish","4":"format-standard","5":"has-post-thumbnail","7":"category-lajme"},"_links":{"self":[{"href":"https:\/\/radiostargjilan.com\/web\/wp-json\/wp\/v2\/posts\/232798","targetHints":{"allow":["GET"]}}],"collection":[{"href":"https:\/\/radiostargjilan.com\/web\/wp-json\/wp\/v2\/posts"}],"about":[{"href":"https:\/\/radiostargjilan.com\/web\/wp-json\/wp\/v2\/types\/post"}],"author":[{"embeddable":true,"href":"https:\/\/radiostargjilan.com\/web\/wp-json\/wp\/v2\/users\/1"}],"replies":[{"embeddable":true,"href":"https:\/\/radiostargjilan.com\/web\/wp-json\/wp\/v2\/comments?post=232798"}],"version-history":[{"count":1,"href":"https:\/\/radiostargjilan.com\/web\/wp-json\/wp\/v2\/posts\/232798\/revisions"}],"predecessor-version":[{"id":232800,"href":"https:\/\/radiostargjilan.com\/web\/wp-json\/wp\/v2\/posts\/232798\/revisions\/232800"}],"wp:featuredmedia":[{"embeddable":true,"href":"https:\/\/radiostargjilan.com\/web\/wp-json\/wp\/v2\/media\/232799"}],"wp:attachment":[{"href":"https:\/\/radiostargjilan.com\/web\/wp-json\/wp\/v2\/media?parent=232798"}],"wp:term":[{"taxonomy":"category","embeddable":true,"href":"https:\/\/radiostargjilan.com\/web\/wp-json\/wp\/v2\/categories?post=232798"},{"taxonomy":"post_tag","embeddable":true,"href":"https:\/\/radiostargjilan.com\/web\/wp-json\/wp\/v2\/tags?post=232798"}],"curies":[{"name":"wp","href":"https:\/\/api.w.org\/{rel}","templated":true}]}}