{"id":232801,"date":"2026-04-28T21:56:51","date_gmt":"2026-04-28T19:56:51","guid":{"rendered":"https:\/\/radiostargjilan.com\/web\/?p=232801"},"modified":"2026-04-28T21:56:51","modified_gmt":"2026-04-28T19:56:51","slug":"vlora-citaku-kurtit-51-nuk-jane-100-pdk-nuk-nenshtrohet","status":"publish","type":"post","link":"https:\/\/radiostargjilan.com\/web\/vlora-citaku-kurtit-51-nuk-jane-100-pdk-nuk-nenshtrohet\/","title":{"rendered":"Vlora \u00c7itaku, Kurtit: 51% nuk jan\u00eb 100%, PDK nuk n\u00ebnshtrohet!"},"content":{"rendered":"<p>Sekretarja e P\u00ebrgjithshme e PDK-s\u00eb, Vlora \u00c7itaku p\u00ebrmes nj\u00eb postimi n\u00eb Facebook i \u00ebsht\u00eb drejtuar kryeministrit Albin Kurti, duke i th\u00ebn\u00eb se 51% e votave nuk jan\u00eb 100%.<\/p>\n<p>Ajo shkroi se Kurti nuk njeh bashk\u00ebpunim e as kompromis, por sipas saj, ai k\u00ebrkon n\u00ebnshtrim. \u00c7itaku tutje tha se Partia Demokratike e Kosov\u00ebs, nuk n\u00ebnshtrohet.<\/p>\n<p>\u201cAlbin, N\u00ebse ka nj\u00eb njeri q\u00eb nuk e njeh rezultatin zgjedhor n\u00eb Kosov\u00eb, ai je ti. Fal\u00eb atij rezultati, ti e udh\u00ebheq Qeverin\u00eb dhe Kuvendin. Po 51% nuk jan\u00eb 100%. Kush \u00ebsht\u00eb shtetar, institucionalist dhe respekton Kushtetut\u00ebn, nuk d\u00ebshmohet vet\u00ebm nga e kaluara e larg\u00ebt, por mbi t\u00eb gjitha nga veprimet e sotme\u201d.<\/p>\n<p>\u201cSi opozit\u00eb, pa asnj\u00eb kusht, kemi votuar zgjatjet buxhetore dhe marr\u00ebveshjet nd\u00ebrkomb\u00ebtare, p\u00ebrfshir\u00eb edhe dje, madje edhe me procedur\u00eb t\u00eb p\u00ebrshpejtuar. Ti, Albin, nuk e njeh bashk\u00ebpunimin, as kompromisin. Ti k\u00ebrkon n\u00ebnshtrim. Dhe PDK nuk n\u00ebnshtrohet\u201d, shkroi ajo.<\/p>\n<p>\u00c7itaku e quajti Kurtin shkel\u00ebs serik t\u00eb Kushtetut\u00ebs, derisa tha se ai nuk e ka problem ta p\u00ebrmbys\u00eb edhe rendin Kushtetues.<\/p>\n<p>\u201cSi shkel\u00ebs serik i Kushtetut\u00ebs, nuk e ke problem ta p\u00ebrmbys\u00ebsh edhe rendin Kushtetues. Por k\u00ebt\u00eb nuk do ta lejojm\u00eb. Ky vend dhe kjo Republik\u00eb jan\u00eb nd\u00ebrtuar me mund e me gjak. Dhe nuk do t\u00eb lejojm\u00eb q\u00eb t\u00eb shkat\u00ebrrohen\u201d, u shpreh ajo.<\/p>\n","protected":false},"excerpt":{"rendered":"<p>Sekretarja e P\u00ebrgjithshme e PDK-s\u00eb, Vlora \u00c7itaku p\u00ebrmes nj\u00eb postimi n\u00eb Facebook i \u00ebsht\u00eb drejtuar kryeministrit Albin Kurti, duke i th\u00ebn\u00eb se 51% e votave nuk jan\u00eb 100%. Ajo shkroi se Kurti nuk njeh bashk\u00ebpunim e as kompromis, por sipas saj, ai k\u00ebrkon n\u00ebnshtrim. \u00c7itaku tutje tha se Partia Demokratike e Kosov\u00ebs, nuk n\u00ebnshtrohet. \u201cAlbin, [&hellip;]<\/p>\n","protected":false},"author":1,"featured_media":232802,"comment_status":"closed","ping_status":"closed","sticky":false,"template":"","format":"standard","meta":{"footnotes":""},"categories":[5],"tags":[],"class_list":{"0":"post-232801","1":"post","2":"type-post","3":"status-publish","4":"format-standard","5":"has-post-thumbnail","7":"category-lajme"},"_links":{"self":[{"href":"https:\/\/radiostargjilan.com\/web\/wp-json\/wp\/v2\/posts\/232801","targetHints":{"allow":["GET"]}}],"collection":[{"href":"https:\/\/radiostargjilan.com\/web\/wp-json\/wp\/v2\/posts"}],"about":[{"href":"https:\/\/radiostargjilan.com\/web\/wp-json\/wp\/v2\/types\/post"}],"author":[{"embeddable":true,"href":"https:\/\/radiostargjilan.com\/web\/wp-json\/wp\/v2\/users\/1"}],"replies":[{"embeddable":true,"href":"https:\/\/radiostargjilan.com\/web\/wp-json\/wp\/v2\/comments?post=232801"}],"version-history":[{"count":1,"href":"https:\/\/radiostargjilan.com\/web\/wp-json\/wp\/v2\/posts\/232801\/revisions"}],"predecessor-version":[{"id":232803,"href":"https:\/\/radiostargjilan.com\/web\/wp-json\/wp\/v2\/posts\/232801\/revisions\/232803"}],"wp:featuredmedia":[{"embeddable":true,"href":"https:\/\/radiostargjilan.com\/web\/wp-json\/wp\/v2\/media\/232802"}],"wp:attachment":[{"href":"https:\/\/radiostargjilan.com\/web\/wp-json\/wp\/v2\/media?parent=232801"}],"wp:term":[{"taxonomy":"category","embeddable":true,"href":"https:\/\/radiostargjilan.com\/web\/wp-json\/wp\/v2\/categories?post=232801"},{"taxonomy":"post_tag","embeddable":true,"href":"https:\/\/radiostargjilan.com\/web\/wp-json\/wp\/v2\/tags?post=232801"}],"curies":[{"name":"wp","href":"https:\/\/api.w.org\/{rel}","templated":true}]}}