{"id":232804,"date":"2026-04-28T21:57:42","date_gmt":"2026-04-28T19:57:42","guid":{"rendered":"https:\/\/radiostargjilan.com\/web\/?p=232804"},"modified":"2026-04-28T21:57:42","modified_gmt":"2026-04-28T19:57:42","slug":"haradinaj-shqiperia-marreveshjen-per-gazin-amerikan-kosova-ia-paguan-milionat-serbise","status":"publish","type":"post","link":"https:\/\/radiostargjilan.com\/web\/haradinaj-shqiperia-marreveshjen-per-gazin-amerikan-kosova-ia-paguan-milionat-serbise\/","title":{"rendered":"Haradinaj: Shqip\u00ebria marr\u00ebveshjen p\u00ebr gazin amerikan, Kosova ia paguan milionat Serbis\u00eb"},"content":{"rendered":"<p>Kryetari i Aleanc\u00ebs p\u00ebr Ardhm\u00ebrin\u00eb e Kosov\u00ebs, Ramush Haradinaj, ka komentuar marr\u00ebveshjen e Shqip\u00ebris\u00eb p\u00ebr gazin amerikan.<\/p>\n<p>Duke e p\u00ebrmendur furnizimin stabil me energji p\u00ebr Shqip\u00ebrin\u00eb, Haradinaj thot\u00eb se Kosova po paguan qindra miliona euro p\u00ebr Serbin\u00eb, p\u00ebr energji.<\/p>\n<p>\u201cKurti, sapo erdhi n\u00eb pushtet, u kujdes q\u00eb nd\u00ebr vendimet e para t\u00eb tij t\u00eb ishte anulimi fillimisht i nd\u00ebrtimit t\u00eb Termocentralit \u201cKosova e Re\u201d dhe refuzimi i gazsjell\u00ebsit amerikan.<\/p>\n<p>Sot, milionat e Kosov\u00ebs nuk do t\u00eb shkonin n\u00eb Serbi, sikur Qeveria Kurti t\u00eb mos e kishte anuluar nd\u00ebrtimin e Termocentralit t\u00eb ri. Sikur t\u00eb mos ishte bllokuar projekti amerikan i gazsjell\u00ebsit Shkup\u2013Prishtin\u00eb, nj\u00eb projekt me p\u00ebrfitime t\u00eb m\u00ebdha, jo vet\u00ebm ekonomike, por edhe t\u00eb siguris\u00eb\u201d shkroi Haradinaj.<\/p>\n","protected":false},"excerpt":{"rendered":"<p>Kryetari i Aleanc\u00ebs p\u00ebr Ardhm\u00ebrin\u00eb e Kosov\u00ebs, Ramush Haradinaj, ka komentuar marr\u00ebveshjen e Shqip\u00ebris\u00eb p\u00ebr gazin amerikan. Duke e p\u00ebrmendur furnizimin stabil me energji p\u00ebr Shqip\u00ebrin\u00eb, Haradinaj thot\u00eb se Kosova po paguan qindra miliona euro p\u00ebr Serbin\u00eb, p\u00ebr energji. \u201cKurti, sapo erdhi n\u00eb pushtet, u kujdes q\u00eb nd\u00ebr vendimet e para t\u00eb tij t\u00eb ishte [&hellip;]<\/p>\n","protected":false},"author":1,"featured_media":232805,"comment_status":"closed","ping_status":"closed","sticky":false,"template":"","format":"standard","meta":{"footnotes":""},"categories":[5],"tags":[],"class_list":{"0":"post-232804","1":"post","2":"type-post","3":"status-publish","4":"format-standard","5":"has-post-thumbnail","7":"category-lajme"},"_links":{"self":[{"href":"https:\/\/radiostargjilan.com\/web\/wp-json\/wp\/v2\/posts\/232804","targetHints":{"allow":["GET"]}}],"collection":[{"href":"https:\/\/radiostargjilan.com\/web\/wp-json\/wp\/v2\/posts"}],"about":[{"href":"https:\/\/radiostargjilan.com\/web\/wp-json\/wp\/v2\/types\/post"}],"author":[{"embeddable":true,"href":"https:\/\/radiostargjilan.com\/web\/wp-json\/wp\/v2\/users\/1"}],"replies":[{"embeddable":true,"href":"https:\/\/radiostargjilan.com\/web\/wp-json\/wp\/v2\/comments?post=232804"}],"version-history":[{"count":1,"href":"https:\/\/radiostargjilan.com\/web\/wp-json\/wp\/v2\/posts\/232804\/revisions"}],"predecessor-version":[{"id":232806,"href":"https:\/\/radiostargjilan.com\/web\/wp-json\/wp\/v2\/posts\/232804\/revisions\/232806"}],"wp:featuredmedia":[{"embeddable":true,"href":"https:\/\/radiostargjilan.com\/web\/wp-json\/wp\/v2\/media\/232805"}],"wp:attachment":[{"href":"https:\/\/radiostargjilan.com\/web\/wp-json\/wp\/v2\/media?parent=232804"}],"wp:term":[{"taxonomy":"category","embeddable":true,"href":"https:\/\/radiostargjilan.com\/web\/wp-json\/wp\/v2\/categories?post=232804"},{"taxonomy":"post_tag","embeddable":true,"href":"https:\/\/radiostargjilan.com\/web\/wp-json\/wp\/v2\/tags?post=232804"}],"curies":[{"name":"wp","href":"https:\/\/api.w.org\/{rel}","templated":true}]}}