{"id":232812,"date":"2026-04-29T00:10:08","date_gmt":"2026-04-28T22:10:08","guid":{"rendered":"https:\/\/radiostargjilan.com\/web\/?p=232812"},"modified":"2026-04-29T00:10:08","modified_gmt":"2026-04-28T22:10:08","slug":"albulena-haxhiu-kuvendi-konsiderohet-i-shperndare-zgjedhjet-pritet-te-shpallen-brenda-afatit-kushtetues","status":"publish","type":"post","link":"https:\/\/radiostargjilan.com\/web\/albulena-haxhiu-kuvendi-konsiderohet-i-shperndare-zgjedhjet-pritet-te-shpallen-brenda-afatit-kushtetues\/","title":{"rendered":"Albulena Haxhiu: Kuvendi konsiderohet i shp\u00ebrndar\u00eb, zgjedhjet pritet t\u00eb shpallen brenda afatit kushtetues"},"content":{"rendered":"<p>Gjat\u00eb seanc\u00ebs s\u00eb fundit p\u00ebr sot n\u00eb Kuvendin e Kosov\u00ebs, kryeparlamentarja dhe nj\u00ebherit ushtruasja e detyr\u00ebs s\u00eb Presidentes s\u00eb Kosov\u00ebs, Albulena Haxhiu u \u00ebsht\u00eb drejtuar deputet\u00ebve, qytetar\u00ebve dhe mediave duke theksuar se procesi parlamentar iu afrua fundit dhe se legjislatura aktuale po p\u00ebrmbyllet, shrkuan Gazeta 10.<\/p>\n<p>\u201cTe dashur deputet\u00eb, te nderuar qytetar\u00eb t\u00eb Republik\u00ebs s\u00eb Kosov\u00ebs, media q\u00eb po e p\u00ebrcillni k\u00ebt\u00eb seanc\u00eb, staf i Kuvendit t\u00eb Republik\u00ebs s\u00eb Kosov\u00ebs, kjo seanc\u00eb sh\u00ebnon fundin e k\u00ebtij procesi dhe fundin e k\u00ebsaj legjislature fatkeq\u00ebsisht,\u201d tha Haxhiu n\u00eb fjal\u00ebn p\u00ebrmbyll\u00ebse n\u00eb Kuvend.<\/p>\n<p>Sipas saj, bazuar n\u00eb aktgjykimin e Gjykat\u00ebs Kushtetuese, Kuvendi konsiderohet i shp\u00ebrndar\u00eb dhe zgjedhjet pritet t\u00eb shpallen brenda afateve kushtetuese.\/Gazeta 10<\/p>\n","protected":false},"excerpt":{"rendered":"<p>Gjat\u00eb seanc\u00ebs s\u00eb fundit p\u00ebr sot n\u00eb Kuvendin e Kosov\u00ebs, kryeparlamentarja dhe nj\u00ebherit ushtruasja e detyr\u00ebs s\u00eb Presidentes s\u00eb Kosov\u00ebs, Albulena Haxhiu u \u00ebsht\u00eb drejtuar deputet\u00ebve, qytetar\u00ebve dhe mediave duke theksuar se procesi parlamentar iu afrua fundit dhe se legjislatura aktuale po p\u00ebrmbyllet, shrkuan Gazeta 10. \u201cTe dashur deputet\u00eb, te nderuar qytetar\u00eb t\u00eb Republik\u00ebs s\u00eb [&hellip;]<\/p>\n","protected":false},"author":1,"featured_media":232757,"comment_status":"closed","ping_status":"closed","sticky":false,"template":"","format":"standard","meta":{"footnotes":""},"categories":[5],"tags":[],"class_list":{"0":"post-232812","1":"post","2":"type-post","3":"status-publish","4":"format-standard","5":"has-post-thumbnail","7":"category-lajme"},"_links":{"self":[{"href":"https:\/\/radiostargjilan.com\/web\/wp-json\/wp\/v2\/posts\/232812","targetHints":{"allow":["GET"]}}],"collection":[{"href":"https:\/\/radiostargjilan.com\/web\/wp-json\/wp\/v2\/posts"}],"about":[{"href":"https:\/\/radiostargjilan.com\/web\/wp-json\/wp\/v2\/types\/post"}],"author":[{"embeddable":true,"href":"https:\/\/radiostargjilan.com\/web\/wp-json\/wp\/v2\/users\/1"}],"replies":[{"embeddable":true,"href":"https:\/\/radiostargjilan.com\/web\/wp-json\/wp\/v2\/comments?post=232812"}],"version-history":[{"count":1,"href":"https:\/\/radiostargjilan.com\/web\/wp-json\/wp\/v2\/posts\/232812\/revisions"}],"predecessor-version":[{"id":232813,"href":"https:\/\/radiostargjilan.com\/web\/wp-json\/wp\/v2\/posts\/232812\/revisions\/232813"}],"wp:featuredmedia":[{"embeddable":true,"href":"https:\/\/radiostargjilan.com\/web\/wp-json\/wp\/v2\/media\/232757"}],"wp:attachment":[{"href":"https:\/\/radiostargjilan.com\/web\/wp-json\/wp\/v2\/media?parent=232812"}],"wp:term":[{"taxonomy":"category","embeddable":true,"href":"https:\/\/radiostargjilan.com\/web\/wp-json\/wp\/v2\/categories?post=232812"},{"taxonomy":"post_tag","embeddable":true,"href":"https:\/\/radiostargjilan.com\/web\/wp-json\/wp\/v2\/tags?post=232812"}],"curies":[{"name":"wp","href":"https:\/\/api.w.org\/{rel}","templated":true}]}}