{"id":232816,"date":"2026-04-29T00:38:15","date_gmt":"2026-04-28T22:38:15","guid":{"rendered":"https:\/\/radiostargjilan.com\/web\/?p=232816"},"modified":"2026-04-29T00:38:15","modified_gmt":"2026-04-28T22:38:15","slug":"feride-rushiti-pranova-te-kandidohem-per-nje-qellim-te-mire-si-person-apartiak","status":"publish","type":"post","link":"https:\/\/radiostargjilan.com\/web\/feride-rushiti-pranova-te-kandidohem-per-nje-qellim-te-mire-si-person-apartiak\/","title":{"rendered":"Feride Rushiti: Pranova t\u00eb kandidohem p\u00ebr nj\u00eb q\u00ebllim t\u00eb mir\u00eb, si person apartiak"},"content":{"rendered":"<p>Pas d\u00ebshtimit t\u00eb zgjedhjes s\u00eb Presidentit, kryeministri i Kosov\u00ebs Albin Kurti ka dal\u00eb n\u00eb konferenc\u00eb p\u00ebr media bashk\u00eb me kandidaten p\u00ebr Presidente Feride Rushiti.<\/p>\n<p>Ajo tha se nuk ka kandiduar p\u00ebr ambicie personale, por p\u00ebr t\u00eb mund\u00ebsuar stabilizimin e institucioneve.<\/p>\n<p>Tutje ajo tha se donte t\u00eb jepte nj\u00eb kontribut t\u00eb sinqert\u00eb p\u00ebr vendin.<\/p>\n<p>\u201cPranova k\u00ebt\u00eb kandidim p\u00ebr hir nj\u00eb q\u00ebllim t\u00eb mir\u00eb, stabilizimi i institucioneve dhe ecjen e Kosov\u00ebs p\u00ebr par\u00eb. Nuk ka qen\u00eb ambicie p\u00ebr pushtet, por nj\u00eb kontribut i sinqert\u00eb p\u00ebr vendin tim si person apartiak\u201d, ka th\u00ebn\u00eb ajo. \/Gazeta Express<\/p>\n","protected":false},"excerpt":{"rendered":"<p>Pas d\u00ebshtimit t\u00eb zgjedhjes s\u00eb Presidentit, kryeministri i Kosov\u00ebs Albin Kurti ka dal\u00eb n\u00eb konferenc\u00eb p\u00ebr media bashk\u00eb me kandidaten p\u00ebr Presidente Feride Rushiti. Ajo tha se nuk ka kandiduar p\u00ebr ambicie personale, por p\u00ebr t\u00eb mund\u00ebsuar stabilizimin e institucioneve. Tutje ajo tha se donte t\u00eb jepte nj\u00eb kontribut t\u00eb sinqert\u00eb p\u00ebr vendin. \u201cPranova k\u00ebt\u00eb [&hellip;]<\/p>\n","protected":false},"author":1,"featured_media":232817,"comment_status":"closed","ping_status":"closed","sticky":false,"template":"","format":"standard","meta":{"footnotes":""},"categories":[5],"tags":[],"class_list":{"0":"post-232816","1":"post","2":"type-post","3":"status-publish","4":"format-standard","5":"has-post-thumbnail","7":"category-lajme"},"_links":{"self":[{"href":"https:\/\/radiostargjilan.com\/web\/wp-json\/wp\/v2\/posts\/232816","targetHints":{"allow":["GET"]}}],"collection":[{"href":"https:\/\/radiostargjilan.com\/web\/wp-json\/wp\/v2\/posts"}],"about":[{"href":"https:\/\/radiostargjilan.com\/web\/wp-json\/wp\/v2\/types\/post"}],"author":[{"embeddable":true,"href":"https:\/\/radiostargjilan.com\/web\/wp-json\/wp\/v2\/users\/1"}],"replies":[{"embeddable":true,"href":"https:\/\/radiostargjilan.com\/web\/wp-json\/wp\/v2\/comments?post=232816"}],"version-history":[{"count":1,"href":"https:\/\/radiostargjilan.com\/web\/wp-json\/wp\/v2\/posts\/232816\/revisions"}],"predecessor-version":[{"id":232818,"href":"https:\/\/radiostargjilan.com\/web\/wp-json\/wp\/v2\/posts\/232816\/revisions\/232818"}],"wp:featuredmedia":[{"embeddable":true,"href":"https:\/\/radiostargjilan.com\/web\/wp-json\/wp\/v2\/media\/232817"}],"wp:attachment":[{"href":"https:\/\/radiostargjilan.com\/web\/wp-json\/wp\/v2\/media?parent=232816"}],"wp:term":[{"taxonomy":"category","embeddable":true,"href":"https:\/\/radiostargjilan.com\/web\/wp-json\/wp\/v2\/categories?post=232816"},{"taxonomy":"post_tag","embeddable":true,"href":"https:\/\/radiostargjilan.com\/web\/wp-json\/wp\/v2\/tags?post=232816"}],"curies":[{"name":"wp","href":"https:\/\/api.w.org\/{rel}","templated":true}]}}