{"id":232821,"date":"2026-04-29T08:10:04","date_gmt":"2026-04-29T06:10:04","guid":{"rendered":"https:\/\/radiostargjilan.com\/web\/?p=232821"},"modified":"2026-04-29T08:10:04","modified_gmt":"2026-04-29T06:10:04","slug":"ska-president-kosova-per-here-te-peste-ne-zgjedhje","status":"publish","type":"post","link":"https:\/\/radiostargjilan.com\/web\/ska-president-kosova-per-here-te-peste-ne-zgjedhje\/","title":{"rendered":"S\u2019ka president, Kosova p\u00ebr her\u00eb t\u00eb pest\u00eb n\u00eb zgjedhje"},"content":{"rendered":"<p>Deputet\u00ebt e Kuvendit t\u00eb Kosov\u00ebs edhe k\u00ebt\u00eb t\u00eb mart\u00eb d\u00ebshtuan ta zgjedhin presidentin, duke thelluar k\u00ebshtu kriz\u00ebn institucionale dhe duke hapur rrug\u00ebn p\u00ebr zgjedhje t\u00eb jasht\u00ebzakonshme t\u00eb cilat parashihen t\u00eb mbahen brenda 45 dit\u00ebsh, bazuar n\u00eb vendimin e Gjykata Kushtetuese e Kosov\u00ebs.<\/p>\n<p>N\u00eb seanc\u00eb mor\u00ebn pjes\u00eb vet\u00ebm deputet\u00ebt e mazhoranc\u00ebs, duke pamund\u00ebsuar k\u00ebshtu krijimin e kuorumit p\u00ebr votimin e presidentit t\u00eb ri.<\/p>\n<p>Seanca nisi t\u00eb h\u00ebn\u00ebn, ku L\u00ebvizja Vet\u00ebvendosje propozoi Feride Rushitin dhe Hatixhe Hoxh\u00ebn si kandidate, n\u00eb munges\u00eb t\u00eb nj\u00eb konsensusi politik.<\/p>\n<p>N\u00eb raundin e par\u00eb, Rushiti siguroi 63 vota, nd\u00ebrsa nj\u00eb vot\u00eb u shpall e pavlefshme, duke mbetur larg kuorumit t\u00eb nevojsh\u00ebm prej 80 votash.<\/p>\n<p>Gjat\u00eb dit\u00ebs s\u00eb djeshme, seanca u shty disa her\u00eb. Nga ora 10:00 n\u00eb 14:00, m\u00eb pas n\u00eb 19:00 dhe p\u00ebrfundimisht n\u00eb 23:00, por nuk u arrit ndonj\u00eb rezultat konkret.<\/p>\n<p>D\u00ebshtimi i procesit u pasua edhe me reagime t\u00eb shumta, ku pal\u00ebt (pozita dhe opozita), faj\u00ebsuan nj\u00ebra-tjetr\u00ebn p\u00ebr bllokad\u00ebn.<\/p>\n<p>Kryeministri Albin Kurti kritikoi ashp\u00ebr opozit\u00ebn, duke e cil\u00ebsuar sjelljen e saj si antiinstitucionale dhe penguese t\u00eb proceseve kushtetuese.<\/p>\n<p>Derisa opozita, veprimet e Vet\u00ebvendosjes i konsideroi si shkelje t\u00eb rendit kushtetues.<\/p>\n<p>Kosova vazhdon t\u00eb jet\u00eb n\u00eb kriz\u00eb politike, pasi zgjedhjet e ardhshme pritet t\u00eb jen\u00eb t\u00eb pestat brenda nj\u00eb periudhe relativisht t\u00eb shkurt\u00ebr kohore.<\/p>\n","protected":false},"excerpt":{"rendered":"<p>Deputet\u00ebt e Kuvendit t\u00eb Kosov\u00ebs edhe k\u00ebt\u00eb t\u00eb mart\u00eb d\u00ebshtuan ta zgjedhin presidentin, duke thelluar k\u00ebshtu kriz\u00ebn institucionale dhe duke hapur rrug\u00ebn p\u00ebr zgjedhje t\u00eb jasht\u00ebzakonshme t\u00eb cilat parashihen t\u00eb mbahen brenda 45 dit\u00ebsh, bazuar n\u00eb vendimin e Gjykata Kushtetuese e Kosov\u00ebs. N\u00eb seanc\u00eb mor\u00ebn pjes\u00eb vet\u00ebm deputet\u00ebt e mazhoranc\u00ebs, duke pamund\u00ebsuar k\u00ebshtu krijimin e [&hellip;]<\/p>\n","protected":false},"author":1,"featured_media":232822,"comment_status":"closed","ping_status":"closed","sticky":false,"template":"","format":"standard","meta":{"footnotes":""},"categories":[5],"tags":[],"class_list":{"0":"post-232821","1":"post","2":"type-post","3":"status-publish","4":"format-standard","5":"has-post-thumbnail","7":"category-lajme"},"_links":{"self":[{"href":"https:\/\/radiostargjilan.com\/web\/wp-json\/wp\/v2\/posts\/232821","targetHints":{"allow":["GET"]}}],"collection":[{"href":"https:\/\/radiostargjilan.com\/web\/wp-json\/wp\/v2\/posts"}],"about":[{"href":"https:\/\/radiostargjilan.com\/web\/wp-json\/wp\/v2\/types\/post"}],"author":[{"embeddable":true,"href":"https:\/\/radiostargjilan.com\/web\/wp-json\/wp\/v2\/users\/1"}],"replies":[{"embeddable":true,"href":"https:\/\/radiostargjilan.com\/web\/wp-json\/wp\/v2\/comments?post=232821"}],"version-history":[{"count":1,"href":"https:\/\/radiostargjilan.com\/web\/wp-json\/wp\/v2\/posts\/232821\/revisions"}],"predecessor-version":[{"id":232823,"href":"https:\/\/radiostargjilan.com\/web\/wp-json\/wp\/v2\/posts\/232821\/revisions\/232823"}],"wp:featuredmedia":[{"embeddable":true,"href":"https:\/\/radiostargjilan.com\/web\/wp-json\/wp\/v2\/media\/232822"}],"wp:attachment":[{"href":"https:\/\/radiostargjilan.com\/web\/wp-json\/wp\/v2\/media?parent=232821"}],"wp:term":[{"taxonomy":"category","embeddable":true,"href":"https:\/\/radiostargjilan.com\/web\/wp-json\/wp\/v2\/categories?post=232821"},{"taxonomy":"post_tag","embeddable":true,"href":"https:\/\/radiostargjilan.com\/web\/wp-json\/wp\/v2\/tags?post=232821"}],"curies":[{"name":"wp","href":"https:\/\/api.w.org\/{rel}","templated":true}]}}