{"id":232824,"date":"2026-04-29T08:50:29","date_gmt":"2026-04-29T06:50:29","guid":{"rendered":"https:\/\/radiostargjilan.com\/web\/?p=232824"},"modified":"2026-04-29T08:50:29","modified_gmt":"2026-04-29T06:50:29","slug":"shihemi-vjen-reagimi-i-pare-nga-ekipi-i-vjosa-osmanit-pas-shperndarjes-se-kuvendit","status":"publish","type":"post","link":"https:\/\/radiostargjilan.com\/web\/shihemi-vjen-reagimi-i-pare-nga-ekipi-i-vjosa-osmanit-pas-shperndarjes-se-kuvendit\/","title":{"rendered":"\u201cShihemi\u201d, vjen reagimi i par\u00eb nga ekipi i Vjosa Osmanit pas shp\u00ebrndarjes s\u00eb Kuvendit"},"content":{"rendered":"<p>Pas shp\u00ebrndarjes s\u00eb Kuvendit, ekipi i ish-Presidentes Vjosa Osmani ka b\u00ebr\u00eb nj\u00eb reagim.<\/p>\n<p>K\u00ebshilltarja e Osmanit, Egnesa Vitija, ka publikuar nj\u00eb foto t\u00eb Osmanit, teksa ka shkurar \u201cShihemi\u201d.<\/p>\n<p>N\u00eb fjalimin q\u00eb mbajti sot, Kryeministri Albin Kurti e goditi Osmanin, ku tha se tentoi shp\u00ebrndarjen e Kuvendit me dekret jokushtetues.<\/p>\n","protected":false},"excerpt":{"rendered":"<p>Pas shp\u00ebrndarjes s\u00eb Kuvendit, ekipi i ish-Presidentes Vjosa Osmani ka b\u00ebr\u00eb nj\u00eb reagim. K\u00ebshilltarja e Osmanit, Egnesa Vitija, ka publikuar nj\u00eb foto t\u00eb Osmanit, teksa ka shkurar \u201cShihemi\u201d. N\u00eb fjalimin q\u00eb mbajti sot, Kryeministri Albin Kurti e goditi Osmanin, ku tha se tentoi shp\u00ebrndarjen e Kuvendit me dekret jokushtetues.<\/p>\n","protected":false},"author":1,"featured_media":232825,"comment_status":"closed","ping_status":"closed","sticky":false,"template":"","format":"standard","meta":{"footnotes":""},"categories":[5],"tags":[],"class_list":{"0":"post-232824","1":"post","2":"type-post","3":"status-publish","4":"format-standard","5":"has-post-thumbnail","7":"category-lajme"},"_links":{"self":[{"href":"https:\/\/radiostargjilan.com\/web\/wp-json\/wp\/v2\/posts\/232824","targetHints":{"allow":["GET"]}}],"collection":[{"href":"https:\/\/radiostargjilan.com\/web\/wp-json\/wp\/v2\/posts"}],"about":[{"href":"https:\/\/radiostargjilan.com\/web\/wp-json\/wp\/v2\/types\/post"}],"author":[{"embeddable":true,"href":"https:\/\/radiostargjilan.com\/web\/wp-json\/wp\/v2\/users\/1"}],"replies":[{"embeddable":true,"href":"https:\/\/radiostargjilan.com\/web\/wp-json\/wp\/v2\/comments?post=232824"}],"version-history":[{"count":1,"href":"https:\/\/radiostargjilan.com\/web\/wp-json\/wp\/v2\/posts\/232824\/revisions"}],"predecessor-version":[{"id":232826,"href":"https:\/\/radiostargjilan.com\/web\/wp-json\/wp\/v2\/posts\/232824\/revisions\/232826"}],"wp:featuredmedia":[{"embeddable":true,"href":"https:\/\/radiostargjilan.com\/web\/wp-json\/wp\/v2\/media\/232825"}],"wp:attachment":[{"href":"https:\/\/radiostargjilan.com\/web\/wp-json\/wp\/v2\/media?parent=232824"}],"wp:term":[{"taxonomy":"category","embeddable":true,"href":"https:\/\/radiostargjilan.com\/web\/wp-json\/wp\/v2\/categories?post=232824"},{"taxonomy":"post_tag","embeddable":true,"href":"https:\/\/radiostargjilan.com\/web\/wp-json\/wp\/v2\/tags?post=232824"}],"curies":[{"name":"wp","href":"https:\/\/api.w.org\/{rel}","templated":true}]}}