{"id":232836,"date":"2026-04-29T11:51:43","date_gmt":"2026-04-29T09:51:43","guid":{"rendered":"https:\/\/radiostargjilan.com\/web\/?p=232836"},"modified":"2026-04-29T11:51:43","modified_gmt":"2026-04-29T09:51:43","slug":"zgjedhjet-e-reja-haxhiu-e-pret-ne-takim-kryetarin-e-kqz-se","status":"publish","type":"post","link":"https:\/\/radiostargjilan.com\/web\/zgjedhjet-e-reja-haxhiu-e-pret-ne-takim-kryetarin-e-kqz-se\/","title":{"rendered":"Zgjedhjet e reja, Haxhiu e pret n\u00eb takim kryetarin e KQZ-s\u00eb"},"content":{"rendered":"<p>Ushtruesja e Detyr\u00ebs s\u00eb Presidentes s\u00eb Republik\u00ebs s\u00eb Kosov\u00ebs, Albulena Haxhiu, do t\u00eb pres\u00eb sot n\u00eb n\u00eb takim Kryetarin e Komisionit Qendror t\u00eb Zgjedhjeve (KQZ), Kreshnik Radoniqin.<\/p>\n<p>Kjo \u00ebsht\u00eb b\u00ebr\u00eb e ditur, p\u00ebrmes nj\u00eb njoftimi p\u00ebr media.<\/p>\n<p>Takimi do t\u00eb filloj\u00eb nga ora 14:00.<\/p>\n<p>Nd\u00ebrsa, mediat mund t\u00eb marrin pamje \u00ebn fillim t\u00eb takimit.<\/p>\n","protected":false},"excerpt":{"rendered":"<p>Ushtruesja e Detyr\u00ebs s\u00eb Presidentes s\u00eb Republik\u00ebs s\u00eb Kosov\u00ebs, Albulena Haxhiu, do t\u00eb pres\u00eb sot n\u00eb n\u00eb takim Kryetarin e Komisionit Qendror t\u00eb Zgjedhjeve (KQZ), Kreshnik Radoniqin. Kjo \u00ebsht\u00eb b\u00ebr\u00eb e ditur, p\u00ebrmes nj\u00eb njoftimi p\u00ebr media. Takimi do t\u00eb filloj\u00eb nga ora 14:00. Nd\u00ebrsa, mediat mund t\u00eb marrin pamje \u00ebn fillim t\u00eb takimit.<\/p>\n","protected":false},"author":1,"featured_media":232837,"comment_status":"closed","ping_status":"closed","sticky":false,"template":"","format":"standard","meta":{"footnotes":""},"categories":[5],"tags":[],"class_list":{"0":"post-232836","1":"post","2":"type-post","3":"status-publish","4":"format-standard","5":"has-post-thumbnail","7":"category-lajme"},"_links":{"self":[{"href":"https:\/\/radiostargjilan.com\/web\/wp-json\/wp\/v2\/posts\/232836","targetHints":{"allow":["GET"]}}],"collection":[{"href":"https:\/\/radiostargjilan.com\/web\/wp-json\/wp\/v2\/posts"}],"about":[{"href":"https:\/\/radiostargjilan.com\/web\/wp-json\/wp\/v2\/types\/post"}],"author":[{"embeddable":true,"href":"https:\/\/radiostargjilan.com\/web\/wp-json\/wp\/v2\/users\/1"}],"replies":[{"embeddable":true,"href":"https:\/\/radiostargjilan.com\/web\/wp-json\/wp\/v2\/comments?post=232836"}],"version-history":[{"count":1,"href":"https:\/\/radiostargjilan.com\/web\/wp-json\/wp\/v2\/posts\/232836\/revisions"}],"predecessor-version":[{"id":232838,"href":"https:\/\/radiostargjilan.com\/web\/wp-json\/wp\/v2\/posts\/232836\/revisions\/232838"}],"wp:featuredmedia":[{"embeddable":true,"href":"https:\/\/radiostargjilan.com\/web\/wp-json\/wp\/v2\/media\/232837"}],"wp:attachment":[{"href":"https:\/\/radiostargjilan.com\/web\/wp-json\/wp\/v2\/media?parent=232836"}],"wp:term":[{"taxonomy":"category","embeddable":true,"href":"https:\/\/radiostargjilan.com\/web\/wp-json\/wp\/v2\/categories?post=232836"},{"taxonomy":"post_tag","embeddable":true,"href":"https:\/\/radiostargjilan.com\/web\/wp-json\/wp\/v2\/tags?post=232836"}],"curies":[{"name":"wp","href":"https:\/\/api.w.org\/{rel}","templated":true}]}}