{"id":232839,"date":"2026-04-29T13:11:57","date_gmt":"2026-04-29T11:11:57","guid":{"rendered":"https:\/\/radiostargjilan.com\/web\/?p=232839"},"modified":"2026-04-29T13:11:57","modified_gmt":"2026-04-29T11:11:57","slug":"kqz-thote-se-eshte-ne-pritje-te-vendimit-per-daten-e-zgjedhjeve","status":"publish","type":"post","link":"https:\/\/radiostargjilan.com\/web\/kqz-thote-se-eshte-ne-pritje-te-vendimit-per-daten-e-zgjedhjeve\/","title":{"rendered":"KQZ thot\u00eb se \u00ebsht\u00eb n\u00eb pritje t\u00eb vendimit p\u00ebr dat\u00ebn e zgjedhjeve"},"content":{"rendered":"<p>Komisioni Qendror i Zgjedhjeve \u00ebsht\u00eb n\u00eb pritje t\u00eb vendimit p\u00ebr caktimin zyrtar t\u00eb dat\u00ebs p\u00ebr mbajtjen e zgjedhjeve t\u00eb radh\u00ebs.<\/p>\n<p>K\u00ebshtu ka b\u00ebr\u00eb t\u00eb ditur p\u00ebr t\u00ebv\u00eb1.info, z\u00ebdh\u00ebn\u00ebsi i KQZ-s\u00eb, Valmir Elezi.<\/p>\n<p>\u201cMeqen\u00ebse k\u00ebto jan\u00eb zgjedhje t\u00eb parakohshme, organizimi i tyre b\u00ebhet me afate t\u00eb shkurt\u00ebra kohore dhe nj\u00eb nga vendimet e para t\u00eb KQZ-s\u00eb p\u00ebr k\u00ebt\u00eb proces zgjedhor do t\u00eb jet\u00eb ndryshimi i afateve kohore t\u00eb aktiviteteve zgjedhore apo p\u00ebrshtatja e tyre sipas nevoj\u00ebs dhe n\u00eb pajtim me rrathanat. Ligji p\u00ebr Zgjedhjet e P\u00ebrgjithshme ia jep t\u00eb drejt\u00ebn KQZ-s\u00eb q\u00eb afatet kohore t\u00eb aktiviteteve zgjedhore t\u00eb p\u00ebrshtaten me dit\u00ebt n\u00eb dispozicion t\u00eb KQZ-s\u00eb p\u00ebr organizimin e k\u00ebtyre zgjedhjeve.<\/p>\n<p>Me planin e aktiviteteve, KQZ rregullon \u00e7\u00ebshtjet mbi t\u00eb cilat nd\u00ebrtohet i gjith\u00eb procesi zgjedhor dhe q\u00eb kan\u00eb t\u00eb b\u00ebjn\u00eb me votuesit, subjektet politike dhe v\u00ebzhguesit. Pra, k\u00ebtu p\u00ebrcaktohen afati p\u00ebr partit\u00eb politike p\u00ebr t\u00eb formuar koalicione dhe deklaruar mospjes\u00ebmarrjen n\u00eb zgjedhje; afatin p\u00ebr subjektet politike p\u00ebr t\u2019u certifikuar e p\u00ebr t\u00eb dor\u00ebzuar list\u00ebn e kanidat\u00ebve p\u00ebr deputet\u00eb; dhe periudh\u00ebn e fushat\u00ebs zgjedhore. Po ashtu, me an\u00eb t\u00eb k\u00ebtij plani, KQZ cakton edhe koh\u00ebn p\u00ebr regjistrimin e votuesve jasht\u00eb Kosov\u00ebs, votimin p\u00ebrmes post\u00ebs dhe n\u00eb p\u00ebrfaq\u00ebsi diplomatike, si dhe regjistrimin e votuesve me nevoja t\u00eb ve\u00e7anta. Pjes\u00eb e k\u00ebtij plani \u00ebsht\u00eb edhe vendosja e afateve p\u00ebr akreditimin e v\u00ebzhguesve dhe mediave\u201d, ka deklaruar ai.<\/p>\n","protected":false},"excerpt":{"rendered":"<p>Komisioni Qendror i Zgjedhjeve \u00ebsht\u00eb n\u00eb pritje t\u00eb vendimit p\u00ebr caktimin zyrtar t\u00eb dat\u00ebs p\u00ebr mbajtjen e zgjedhjeve t\u00eb radh\u00ebs. K\u00ebshtu ka b\u00ebr\u00eb t\u00eb ditur p\u00ebr t\u00ebv\u00eb1.info, z\u00ebdh\u00ebn\u00ebsi i KQZ-s\u00eb, Valmir Elezi. \u201cMeqen\u00ebse k\u00ebto jan\u00eb zgjedhje t\u00eb parakohshme, organizimi i tyre b\u00ebhet me afate t\u00eb shkurt\u00ebra kohore dhe nj\u00eb nga vendimet e para t\u00eb KQZ-s\u00eb [&hellip;]<\/p>\n","protected":false},"author":1,"featured_media":232632,"comment_status":"closed","ping_status":"closed","sticky":false,"template":"","format":"standard","meta":{"footnotes":""},"categories":[5],"tags":[],"class_list":{"0":"post-232839","1":"post","2":"type-post","3":"status-publish","4":"format-standard","5":"has-post-thumbnail","7":"category-lajme"},"_links":{"self":[{"href":"https:\/\/radiostargjilan.com\/web\/wp-json\/wp\/v2\/posts\/232839","targetHints":{"allow":["GET"]}}],"collection":[{"href":"https:\/\/radiostargjilan.com\/web\/wp-json\/wp\/v2\/posts"}],"about":[{"href":"https:\/\/radiostargjilan.com\/web\/wp-json\/wp\/v2\/types\/post"}],"author":[{"embeddable":true,"href":"https:\/\/radiostargjilan.com\/web\/wp-json\/wp\/v2\/users\/1"}],"replies":[{"embeddable":true,"href":"https:\/\/radiostargjilan.com\/web\/wp-json\/wp\/v2\/comments?post=232839"}],"version-history":[{"count":1,"href":"https:\/\/radiostargjilan.com\/web\/wp-json\/wp\/v2\/posts\/232839\/revisions"}],"predecessor-version":[{"id":232840,"href":"https:\/\/radiostargjilan.com\/web\/wp-json\/wp\/v2\/posts\/232839\/revisions\/232840"}],"wp:featuredmedia":[{"embeddable":true,"href":"https:\/\/radiostargjilan.com\/web\/wp-json\/wp\/v2\/media\/232632"}],"wp:attachment":[{"href":"https:\/\/radiostargjilan.com\/web\/wp-json\/wp\/v2\/media?parent=232839"}],"wp:term":[{"taxonomy":"category","embeddable":true,"href":"https:\/\/radiostargjilan.com\/web\/wp-json\/wp\/v2\/categories?post=232839"},{"taxonomy":"post_tag","embeddable":true,"href":"https:\/\/radiostargjilan.com\/web\/wp-json\/wp\/v2\/tags?post=232839"}],"curies":[{"name":"wp","href":"https:\/\/api.w.org\/{rel}","templated":true}]}}