{"id":232853,"date":"2026-04-29T15:33:27","date_gmt":"2026-04-29T13:33:27","guid":{"rendered":"https:\/\/radiostargjilan.com\/web\/?p=232853"},"modified":"2026-04-29T15:33:27","modified_gmt":"2026-04-29T13:33:27","slug":"ulutas-vizite-ne-bruksel-shekerinska-nato-eshte-fuqimisht-e-perkushtuar-per-stabilitet-ne-ballkanin-perendimor","status":"publish","type":"post","link":"https:\/\/radiostargjilan.com\/web\/ulutas-vizite-ne-bruksel-shekerinska-nato-eshte-fuqimisht-e-perkushtuar-per-stabilitet-ne-ballkanin-perendimor\/","title":{"rendered":"Ulutas vizit\u00eb n\u00eb Bruksel, Shekerinska: NATO \u00ebsht\u00eb fuqimisht e p\u00ebrkushtuar p\u00ebr stabilitet n\u00eb Ballkanin Per\u00ebndimor"},"content":{"rendered":"<p>Komandanti i KFOR-it, Ozkan Ulutas, ka udh\u00ebtuar p\u00ebr nj\u00eb vizit\u00eb zyrtare n\u00eb Bruksel.<\/p>\n<p>Z\u00ebvend\u00ebssekretarja e NATO-s, Radmila Shekerinska, ka th\u00ebn\u00eb se NATO vazhdon t\u00eb jet\u00eb e p\u00ebrkushtuar fuqimisht p\u00ebr paqe dhe stabilitet n\u00eb rajonin e Ballkanit Per\u00ebndimor.<\/p>\n<p>\u201cJam e lumtur q\u00eb mir\u00ebpres komandantin e KFOR-it Gjeneral Major \u00d6zkan Uluta\u015f n\u00eb selin\u00eb e NATO-s dhe e ftoj at\u00eb t\u00eb bashkohet p\u00ebrs\u00ebri n\u00eb nj\u00eb takim t\u00eb K\u00ebshillit t\u00eb Atlantikut t\u00eb Veriut. KFOR vazhdon t\u00eb luaj\u00eb nj\u00eb rol ky\u00e7, sipas mandatit t\u00eb saj t\u00eb gjat\u00eb t\u00eb OKB-s\u00eb. NATO \u00ebsht\u00eb fuqimisht e p\u00ebrkushtuar ndaj paqes dhe stabilitetit n\u00eb Ballkanin Per\u00ebndimor\u201d, ka shkruar ajo.<\/p>\n","protected":false},"excerpt":{"rendered":"<p>Komandanti i KFOR-it, Ozkan Ulutas, ka udh\u00ebtuar p\u00ebr nj\u00eb vizit\u00eb zyrtare n\u00eb Bruksel. Z\u00ebvend\u00ebssekretarja e NATO-s, Radmila Shekerinska, ka th\u00ebn\u00eb se NATO vazhdon t\u00eb jet\u00eb e p\u00ebrkushtuar fuqimisht p\u00ebr paqe dhe stabilitet n\u00eb rajonin e Ballkanit Per\u00ebndimor. \u201cJam e lumtur q\u00eb mir\u00ebpres komandantin e KFOR-it Gjeneral Major \u00d6zkan Uluta\u015f n\u00eb selin\u00eb e NATO-s dhe e [&hellip;]<\/p>\n","protected":false},"author":1,"featured_media":232854,"comment_status":"closed","ping_status":"closed","sticky":false,"template":"","format":"standard","meta":{"footnotes":""},"categories":[5],"tags":[],"class_list":{"0":"post-232853","1":"post","2":"type-post","3":"status-publish","4":"format-standard","5":"has-post-thumbnail","7":"category-lajme"},"_links":{"self":[{"href":"https:\/\/radiostargjilan.com\/web\/wp-json\/wp\/v2\/posts\/232853","targetHints":{"allow":["GET"]}}],"collection":[{"href":"https:\/\/radiostargjilan.com\/web\/wp-json\/wp\/v2\/posts"}],"about":[{"href":"https:\/\/radiostargjilan.com\/web\/wp-json\/wp\/v2\/types\/post"}],"author":[{"embeddable":true,"href":"https:\/\/radiostargjilan.com\/web\/wp-json\/wp\/v2\/users\/1"}],"replies":[{"embeddable":true,"href":"https:\/\/radiostargjilan.com\/web\/wp-json\/wp\/v2\/comments?post=232853"}],"version-history":[{"count":1,"href":"https:\/\/radiostargjilan.com\/web\/wp-json\/wp\/v2\/posts\/232853\/revisions"}],"predecessor-version":[{"id":232855,"href":"https:\/\/radiostargjilan.com\/web\/wp-json\/wp\/v2\/posts\/232853\/revisions\/232855"}],"wp:featuredmedia":[{"embeddable":true,"href":"https:\/\/radiostargjilan.com\/web\/wp-json\/wp\/v2\/media\/232854"}],"wp:attachment":[{"href":"https:\/\/radiostargjilan.com\/web\/wp-json\/wp\/v2\/media?parent=232853"}],"wp:term":[{"taxonomy":"category","embeddable":true,"href":"https:\/\/radiostargjilan.com\/web\/wp-json\/wp\/v2\/categories?post=232853"},{"taxonomy":"post_tag","embeddable":true,"href":"https:\/\/radiostargjilan.com\/web\/wp-json\/wp\/v2\/tags?post=232853"}],"curies":[{"name":"wp","href":"https:\/\/api.w.org\/{rel}","templated":true}]}}